{"id":166325,"date":"2015-07-14T01:46:25","date_gmt":"2015-07-13T23:46:25","guid":{"rendered":"http:\/\/www.radioluna.it\/news\/?p=166325"},"modified":"2015-07-14T15:47:24","modified_gmt":"2015-07-14T13:47:24","slug":"latina-roberto-berardi-e-libero-ed-e-in-volo-per-fiumicino-arrivo-previsto-alle-1430","status":"publish","type":"post","link":"https:\/\/www.radioluna.it\/news\/2015\/07\/latina-roberto-berardi-e-libero-ed-e-in-volo-per-fiumicino-arrivo-previsto-alle-1430\/","title":{"rendered":"Roberto Berardi \u00e8 libero. L&#8217;annuncio del Comitato nella notte"},"content":{"rendered":"<div id=\"fb-root\"><\/div>\n<p><a href=\"http:\/\/www.radioluna.it\/news\/wp-content\/uploads\/2015\/07\/vittoria.jpg\"><img loading=\"lazy\" decoding=\"async\" class=\"alignleft size-full wp-image-166330\" src=\"http:\/\/www.radioluna.it\/news\/wp-content\/uploads\/2015\/07\/vittoria.jpg\" alt=\"vittoria\" width=\"334\" height=\"299\" srcset=\"https:\/\/www.radioluna.it\/news\/wp-content\/uploads\/2015\/07\/vittoria.jpg 334w, https:\/\/www.radioluna.it\/news\/wp-content\/uploads\/2015\/07\/vittoria-300x269.jpg 300w\" sizes=\"auto, (max-width: 334px) 100vw, 334px\" \/><\/a><\/p>\n<p style=\"text-align: justify;\"><strong>LATINA<\/strong> &#8211;\u00a0E&#8217; libero finalmente e fra poche ore potr\u00e0 riabbracciare i suoi familiari, Roberto Berardi, \u00a0l&#8217;imprenditore di Latina detenuto per due anni e quattro mesi in isolamento e in condizioni disumane nel carcere di Bata in Guinea Equatoriale. Un sospiro si sollievo, ma anche una vittoria per tutti coloro che non hanno mai smesso di tenere alta l&#8217;attenzione su questo caso.<\/p>\n<p style=\"text-align: justify;\">La notizia \u00e8 stata ufficializzata nella notte dal Comitato per la Liberazione di Roberto Berardi che l&#8217;aveva tenuta riservata per alcuni giorni, per cautela, visto che Berardi si trovava ancora nel Paese africano. Poi l&#8217;imprenditore \u00e8 stato affidato al console italiano Massimo Spano e ha volato nella notte verso Madrid da dove ripartir\u00e0 per Fiumicino. Il suo arrivo \u00e8 previsto alle 14,30 di oggi.<\/p>\n<p style=\"text-align: justify;\"><strong>&#8220;Ho passato tutta la notte a guardare le stelle in cielo, che bello!&#8221; &#8211;\u00a0ha raccontato lo stesso Berardi, nel servizio televisivo, mandato in onda in Guinea Equatoriale.<\/strong><\/p>\n<p style=\"text-align: justify;\"><strong>LA MAMMA<\/strong> &#8211; &#8220;Me lo hanno ridotto una larva, ma sono felice, di tutto il resto parleremo quando arriver\u00e0 lui&#8221;, sono state le parole pronunciate questa mattina al telefono da Silvana Malafronte, la mamma dell&#8217;imprenditore pontino, che si \u00e8 battuta come un leone sin dal primo momento, denunciando il processo farsa e le condizioni di privazione in cui \u00e8 stato tenuto per mesi il figlio, che ha rischiato di morire in carcere dove \u00e8 dimagrito 40 chili, ha contratto la malaria e un enfisema polmonare.<\/p>\n<p style=\"text-align: justify;\"><strong>L&#8217;ACCORDO ECONOMICO<\/strong> &#8211; A quanto si apprende, Berardi, ex socio del figlio del dittatore equatoguineiano Teodorino O\u2019Biang, sarebbe potuto ripartire grazie ad un accordo economico con il paese africano che lo ha condannato per appropriazione indebita e che ora rivuole indietro una cospicua somma. Berardi \u00a0e i suoi collaboratori hanno pi\u00f9 volte spiegato e cercato di provare, carte alla mano, di non avere alcuna responsabilit\u00e0. Piuttosto O&#8217;biang avrebbe \u00a0compiuto con i soldi della societ\u00e0 spese folli, tra cui l&#8217;acquisto ad un&#8217;asta dei guanti di Michael Jackson. La richiesta di spiegazioni da parte degli italiani avrebbe poi scatenato la reazione e la condanna al termine di un processo ingiusto.<\/p>\n<div class=\"_5pbx userContent\" data-ft=\"{&quot;tn&quot;:&quot;K&quot;}\">\n<p>&#8220;Il lavoro fatto dalle associazioni umanitarie sul caso di Roberto \u00e8 stato prezioso, fondamentale per tenerlo in vita e dargli quella voce che in caso contrario gli sarebbe stata negata.\u00a0Oggi \u00e8 una bellissima giornata, la fine di un incubo &#8211; \u00a0scrivono dal Comitato &#8211;\u00a0Roberto atterrer\u00e0 alle 14:30 all&#8217;aeroporto di Roma Fiumicino&#8221;.<\/p>\n<\/div>\n<div><\/div>\n<p>&nbsp;<\/p>\n<div class=\"radio-posizionamento-telefono-in-articoli-dopo-il-contenuto-articolo radio-entity-placement\" id=\"radio-2264737685\"><div id=\"radio-1991210011\"><a href=\"https:\/\/grupporedi.it\/\" aria-label=\"Redi-Qr\"><img loading=\"lazy\" decoding=\"async\" src=\"https:\/\/www.radioluna.it\/news\/wp-content\/uploads\/2026\/03\/Redi-Qr.jpg\" alt=\"\"  srcset=\"https:\/\/www.radioluna.it\/news\/wp-content\/uploads\/2026\/03\/Redi-Qr.jpg 800w, https:\/\/www.radioluna.it\/news\/wp-content\/uploads\/2026\/03\/Redi-Qr-768x639.jpg 768w\" sizes=\"(max-width: 800px) 100vw, 800px\" width=\"300\" height=\"250\"   \/><\/a><\/div><\/div>","protected":false},"excerpt":{"rendered":"<p>LATINA &#8211;\u00a0E&#8217; libero finalmente e fra poche ore potr\u00e0 riabbracciare i suoi familiari, Roberto Berardi, \u00a0l&#8217;imprenditore di Latina detenuto per due anni e quattro mesi in isolamento e in condizioni disumane nel carcere di Bata in Guinea Equatoriale. Un sospiro si sollievo, ma anche una vittoria per tutti coloro che non hanno mai smesso di [&hellip;]<\/p>\n","protected":false},"author":62,"featured_media":166327,"comment_status":"open","ping_status":"closed","sticky":false,"template":"","format":"standard","meta":{"footnotes":""},"categories":[7],"tags":[],"class_list":["post-166325","post","type-post","status-publish","format-standard","has-post-thumbnail","hentry","category-cronaca"],"_links":{"self":[{"href":"https:\/\/www.radioluna.it\/news\/wp-json\/wp\/v2\/posts\/166325","targetHints":{"allow":["GET"]}}],"collection":[{"href":"https:\/\/www.radioluna.it\/news\/wp-json\/wp\/v2\/posts"}],"about":[{"href":"https:\/\/www.radioluna.it\/news\/wp-json\/wp\/v2\/types\/post"}],"author":[{"embeddable":true,"href":"https:\/\/www.radioluna.it\/news\/wp-json\/wp\/v2\/users\/62"}],"replies":[{"embeddable":true,"href":"https:\/\/www.radioluna.it\/news\/wp-json\/wp\/v2\/comments?post=166325"}],"version-history":[{"count":0,"href":"https:\/\/www.radioluna.it\/news\/wp-json\/wp\/v2\/posts\/166325\/revisions"}],"wp:featuredmedia":[{"embeddable":true,"href":"https:\/\/www.radioluna.it\/news\/wp-json\/wp\/v2\/media\/166327"}],"wp:attachment":[{"href":"https:\/\/www.radioluna.it\/news\/wp-json\/wp\/v2\/media?parent=166325"}],"wp:term":[{"taxonomy":"category","embeddable":true,"href":"https:\/\/www.radioluna.it\/news\/wp-json\/wp\/v2\/categories?post=166325"},{"taxonomy":"post_tag","embeddable":true,"href":"https:\/\/www.radioluna.it\/news\/wp-json\/wp\/v2\/tags?post=166325"}],"curies":[{"name":"wp","href":"https:\/\/api.w.org\/{rel}","templated":true}]}}