{"id":166350,"date":"2015-07-14T11:32:11","date_gmt":"2015-07-14T09:32:11","guid":{"rendered":"http:\/\/www.radioluna.it\/news\/?p=166350"},"modified":"2015-07-14T11:32:11","modified_gmt":"2015-07-14T09:32:11","slug":"ondate-di-calore-tre-giorni-da-allarme-rosso-per-latina","status":"publish","type":"post","link":"https:\/\/www.radioluna.it\/news\/2015\/07\/ondate-di-calore-tre-giorni-da-allarme-rosso-per-latina\/","title":{"rendered":"Ondate di calore, tre giorni da allarme rosso per Latina"},"content":{"rendered":"<div id=\"fb-root\"><\/div>\n<p style=\"text-align: justify;\"><strong><a href=\"http:\/\/www.radioluna.it\/news\/wp-content\/uploads\/2013\/08\/sole.jpg\"><img loading=\"lazy\" decoding=\"async\" class=\"alignleft wp-image-139545 size-full\" src=\"http:\/\/www.radioluna.it\/news\/wp-content\/uploads\/2013\/08\/sole.jpg\" alt=\"sole\" width=\"262\" height=\"193\" \/><\/a>LATINA<\/strong> &#8211; L&#8217;ultimo bollettino delle ondate di calore del Ministero della Salute non porta buone notizie per Latina. da oggi e per tre giorni, fino a gioved\u00ec 16 luglio, \u00a0il bollino \u00e8 decisamente rosso e la temperatura percepita di 39 gradi centigradi. Il capoluogo pontino \u00e8 una delle cinque citt\u00e0 sorvegliate dal Sistema nazionale di previsione allarme a trovarsi in condizioni di massima allerta che consigliano cautela soprattutto per anziani e bambini.<\/p>\n<p style=\"text-align: justify;\">LEGGI IL BOLLETTINO &#8211;\u00a0<a href=\"http:\/\/www.radioluna.it\/news\/wp-content\/uploads\/2015\/07\/bollettino-Latina.pdf\">bollettino Latina<\/a><\/p>\n<div class=\"radio-posizionamento-telefono-in-articoli-dopo-il-contenuto-articolo radio-entity-placement\" id=\"radio-321155301\"><div id=\"radio-2841755190\" style=\"width: 300px;height: 250px;\"><a href=\"https:\/\/www.icarspa.it\/auto\/usate\/latina\/\" aria-label=\"banner aprile icar new life &#8211; auto usate latina\"><img loading=\"lazy\" decoding=\"async\" src=\"https:\/\/www.radioluna.it\/news\/wp-content\/uploads\/2026\/02\/banner-aprile-icar-new-life-auto-usate-latina.gif\" alt=\"\"  width=\"300\" height=\"250\"   \/><\/a><\/div><\/div>","protected":false},"excerpt":{"rendered":"<p>LATINA &#8211; L&#8217;ultimo bollettino delle ondate di calore del Ministero della Salute non porta buone notizie per Latina. da oggi e per tre giorni, fino a gioved\u00ec 16 luglio, \u00a0il bollino \u00e8 decisamente rosso e la temperatura percepita di 39 gradi centigradi. Il capoluogo pontino \u00e8 una delle cinque citt\u00e0 sorvegliate dal Sistema nazionale di [&hellip;]<\/p>\n","protected":false},"author":62,"featured_media":139545,"comment_status":"open","ping_status":"closed","sticky":false,"template":"","format":"standard","meta":{"footnotes":""},"categories":[7],"tags":[],"class_list":["post-166350","post","type-post","status-publish","format-standard","has-post-thumbnail","hentry","category-cronaca"],"_links":{"self":[{"href":"https:\/\/www.radioluna.it\/news\/wp-json\/wp\/v2\/posts\/166350","targetHints":{"allow":["GET"]}}],"collection":[{"href":"https:\/\/www.radioluna.it\/news\/wp-json\/wp\/v2\/posts"}],"about":[{"href":"https:\/\/www.radioluna.it\/news\/wp-json\/wp\/v2\/types\/post"}],"author":[{"embeddable":true,"href":"https:\/\/www.radioluna.it\/news\/wp-json\/wp\/v2\/users\/62"}],"replies":[{"embeddable":true,"href":"https:\/\/www.radioluna.it\/news\/wp-json\/wp\/v2\/comments?post=166350"}],"version-history":[{"count":0,"href":"https:\/\/www.radioluna.it\/news\/wp-json\/wp\/v2\/posts\/166350\/revisions"}],"wp:featuredmedia":[{"embeddable":true,"href":"https:\/\/www.radioluna.it\/news\/wp-json\/wp\/v2\/media\/139545"}],"wp:attachment":[{"href":"https:\/\/www.radioluna.it\/news\/wp-json\/wp\/v2\/media?parent=166350"}],"wp:term":[{"taxonomy":"category","embeddable":true,"href":"https:\/\/www.radioluna.it\/news\/wp-json\/wp\/v2\/categories?post=166350"},{"taxonomy":"post_tag","embeddable":true,"href":"https:\/\/www.radioluna.it\/news\/wp-json\/wp\/v2\/tags?post=166350"}],"curies":[{"name":"wp","href":"https:\/\/api.w.org\/{rel}","templated":true}]}}