{"id":166423,"date":"2015-07-16T09:07:00","date_gmt":"2015-07-16T07:07:00","guid":{"rendered":"http:\/\/www.radioluna.it\/news\/?p=166423"},"modified":"2015-07-16T09:07:00","modified_gmt":"2015-07-16T07:07:00","slug":"il-parco-e-la-commedia-si-accendono-le-luci-nella-cavea-del-parco","status":"publish","type":"post","link":"https:\/\/www.radioluna.it\/news\/2015\/07\/il-parco-e-la-commedia-si-accendono-le-luci-nella-cavea-del-parco\/","title":{"rendered":"\u201cIl Parco e la Commedia\u201d, si accendono le luci nella Cavea del Parco"},"content":{"rendered":"<div id=\"fb-root\"><\/div>\n<p style=\"text-align: justify;\"><a href=\"http:\/\/www.radioluna.it\/news\/wp-content\/uploads\/2015\/07\/IL-PARCO-E-LA-COMMEDIA.jpg\"><img loading=\"lazy\" decoding=\"async\" class=\"aligncenter size-full wp-image-166424\" src=\"http:\/\/www.radioluna.it\/news\/wp-content\/uploads\/2015\/07\/IL-PARCO-E-LA-COMMEDIA.jpg\" alt=\"IL PARCO E LA COMMEDIA\" width=\"481\" height=\"361\" srcset=\"https:\/\/www.radioluna.it\/news\/wp-content\/uploads\/2015\/07\/IL-PARCO-E-LA-COMMEDIA.jpg 481w, https:\/\/www.radioluna.it\/news\/wp-content\/uploads\/2015\/07\/IL-PARCO-E-LA-COMMEDIA-300x225.jpg 300w\" sizes=\"auto, (max-width: 481px) 100vw, 481px\" \/><\/a>\u00a0SABAUDIA &#8211;\u00a0Venerd\u00ec sera si accenderanno i riflettori sul palcoscenico della rassegna \u201c Il Parco e la Commedia\u201d. Una serie di appuntamenti gratuiti, nella Cavea del Parco Nazionale del Circeo. Si comincia\u00a0venerd\u00ec 17 alle 21, quando andr\u00e0 in scena la Compagnia Teatrale \u201cSerpiria\u201d di Roma con lo spettacolo \u201cDonnacce\u201d di Giovanni Clemente.<\/p>\n<p style=\"text-align: justify;\">\u201cPer questa quinta edizione che prender\u00e0 il via venerd\u00ec 17 per concludersi 10 agosto, il cartellone artistico si presenta ricchissimo. La scelta delle compagnie teatrali \u00e8 stata molto accurata e con il preciso obiettivo di realizzare un cartellone brillante e variegato. Un&#8217; offerta che tenga conto di tutte le esigenze &#8211; spiega il direttore artistico Umberto Cappadocia \u2013 Non solo commedie e teatro ma anche incontri culturalI grazie alla preziosa presenza di ospiti di eccezione come Massimo Gramellini e Elisa Galletta, Gianni Min\u00e0 e tanti altri&#8221;.<\/p>\n<p style=\"text-align: justify;\">\u201cSiamo fieri di poter annunciare che ci presentiamo al pubblico con trenta serate &#8211; spiega il presidente della Pro Loco Gennaro Di Leva \u2013 \u00a0Il cartellone \u00e8 infatti ricco di spettacoli teatrali, di musica e dello spazio per i libri con ospiti d\u2019 eccezione. Un ringraziamento sincero va al Parco Nazionale del Circeo e al Corpo Forestale dello Stato. Fondamentale e determinante \u00e8 il sostegno dei nostri partner&#8221;.<\/p>\n<p style=\"text-align: justify;\">Tutto il cartellone \u00e8 disponibile con le informazioni sul sito www.ilparcoelacommedia.it.<\/p>\n<div class=\"radio-posizionamento-telefono-in-articoli-dopo-il-contenuto-articolo radio-entity-placement\" id=\"radio-115245529\"><div id=\"radio-3038657563\" style=\"width: 300px;height: 250px;\"><a href=\"https:\/\/www.icarspa.it\/auto\/usate\/latina\/\" aria-label=\"banner aprile icar new life &#8211; auto usate latina\"><img loading=\"lazy\" decoding=\"async\" src=\"https:\/\/www.radioluna.it\/news\/wp-content\/uploads\/2026\/02\/banner-aprile-icar-new-life-auto-usate-latina.gif\" alt=\"\"  width=\"300\" height=\"250\"   \/><\/a><\/div><\/div>","protected":false},"excerpt":{"rendered":"<p>\u00a0SABAUDIA &#8211;\u00a0Venerd\u00ec sera si accenderanno i riflettori sul palcoscenico della rassegna \u201c Il Parco e la Commedia\u201d. Una serie di appuntamenti gratuiti, nella Cavea del Parco Nazionale del Circeo. Si comincia\u00a0venerd\u00ec 17 alle 21, quando andr\u00e0 in scena la Compagnia Teatrale \u201cSerpiria\u201d di Roma con lo spettacolo \u201cDonnacce\u201d di Giovanni Clemente. \u201cPer questa quinta edizione [&hellip;]<\/p>\n","protected":false},"author":62,"featured_media":166424,"comment_status":"open","ping_status":"closed","sticky":false,"template":"","format":"standard","meta":{"footnotes":""},"categories":[16],"tags":[],"class_list":["post-166423","post","type-post","status-publish","format-standard","has-post-thumbnail","hentry","category-appuntamenti"],"_links":{"self":[{"href":"https:\/\/www.radioluna.it\/news\/wp-json\/wp\/v2\/posts\/166423","targetHints":{"allow":["GET"]}}],"collection":[{"href":"https:\/\/www.radioluna.it\/news\/wp-json\/wp\/v2\/posts"}],"about":[{"href":"https:\/\/www.radioluna.it\/news\/wp-json\/wp\/v2\/types\/post"}],"author":[{"embeddable":true,"href":"https:\/\/www.radioluna.it\/news\/wp-json\/wp\/v2\/users\/62"}],"replies":[{"embeddable":true,"href":"https:\/\/www.radioluna.it\/news\/wp-json\/wp\/v2\/comments?post=166423"}],"version-history":[{"count":0,"href":"https:\/\/www.radioluna.it\/news\/wp-json\/wp\/v2\/posts\/166423\/revisions"}],"wp:featuredmedia":[{"embeddable":true,"href":"https:\/\/www.radioluna.it\/news\/wp-json\/wp\/v2\/media\/166424"}],"wp:attachment":[{"href":"https:\/\/www.radioluna.it\/news\/wp-json\/wp\/v2\/media?parent=166423"}],"wp:term":[{"taxonomy":"category","embeddable":true,"href":"https:\/\/www.radioluna.it\/news\/wp-json\/wp\/v2\/categories?post=166423"},{"taxonomy":"post_tag","embeddable":true,"href":"https:\/\/www.radioluna.it\/news\/wp-json\/wp\/v2\/tags?post=166423"}],"curies":[{"name":"wp","href":"https:\/\/api.w.org\/{rel}","templated":true}]}}