{"id":166448,"date":"2015-07-16T16:12:22","date_gmt":"2015-07-16T14:12:22","guid":{"rendered":"http:\/\/www.radioluna.it\/news\/?p=166448"},"modified":"2015-07-17T20:22:01","modified_gmt":"2015-07-17T18:22:01","slug":"crac-midal-il-consulente-della-procura-ascoltato-per-4-ore","status":"publish","type":"post","link":"https:\/\/www.radioluna.it\/news\/2015\/07\/crac-midal-il-consulente-della-procura-ascoltato-per-4-ore\/","title":{"rendered":"Crac Midal, il consulente della Procura ascoltato per 4 ore"},"content":{"rendered":"<div id=\"fb-root\"><\/div>\n<p><a href=\"http:\/\/www.radioluna.it\/news\/wp-content\/uploads\/2015\/01\/midal.jpg\"><img loading=\"lazy\" decoding=\"async\" class=\" size-thumbnail wp-image-159765 aligncenter\" src=\"http:\/\/www.radioluna.it\/news\/wp-content\/uploads\/2015\/01\/midal-635x433.jpg\" alt=\"midal\" width=\"635\" height=\"433\" srcset=\"https:\/\/www.radioluna.it\/news\/wp-content\/uploads\/2015\/01\/midal-635x433.jpg 635w, https:\/\/www.radioluna.it\/news\/wp-content\/uploads\/2015\/01\/midal-300x205.jpg 300w, https:\/\/www.radioluna.it\/news\/wp-content\/uploads\/2015\/01\/midal-500x341.jpg 500w, https:\/\/www.radioluna.it\/news\/wp-content\/uploads\/2015\/01\/midal.jpg 752w\" sizes=\"auto, (max-width: 635px) 100vw, 635px\" \/><\/a><\/p>\n<p style=\"text-align: justify;\"><strong>LATINA<\/strong> &#8211; E&#8217; durato quattro ore il controesame del consulente tecnico della Procura del crac della Midal spa, l&#8217;azienda fallita nel gennaio del 2012. \u00a0In aula il consulente ha risposto alle domande del collegio difensivo degli undici imputati accusati di accesso abusivo al credito e bancarotta fraudolenta. Nel dibattimento \u00e8 emerso il ruolo centrale della Midal che accentrava i poteri di governance delle societ\u00e0 partecipate che sono state svuotate. La deposizione del consulente \u00e8 stata molto tecnica e si \u00e8 protratta fino alle 12,30. In aula erano presenti anche alcuni ex dipendenti che si sono costituiti parte civile. La prossima udienza \u00e8 fissata per il 17 dicembre mentre per la sentenza ci vorr\u00e0 il 16 giugno del 2016.<\/p>\n<div class=\"radio-posizionamento-telefono-in-articoli-dopo-il-contenuto-articolo radio-entity-placement\" id=\"radio-247839838\"><div id=\"radio-2507680210\"><a href=\"https:\/\/grupporedi.it\/\" aria-label=\"Redi-Qr\"><img loading=\"lazy\" decoding=\"async\" src=\"https:\/\/www.radioluna.it\/news\/wp-content\/uploads\/2026\/03\/Redi-Qr.jpg\" alt=\"\"  srcset=\"https:\/\/www.radioluna.it\/news\/wp-content\/uploads\/2026\/03\/Redi-Qr.jpg 800w, https:\/\/www.radioluna.it\/news\/wp-content\/uploads\/2026\/03\/Redi-Qr-768x639.jpg 768w\" sizes=\"(max-width: 800px) 100vw, 800px\" width=\"300\" height=\"250\"   \/><\/a><\/div><\/div>","protected":false},"excerpt":{"rendered":"<p>LATINA &#8211; E&#8217; durato quattro ore il controesame del consulente tecnico della Procura del crac della Midal spa, l&#8217;azienda fallita nel gennaio del 2012. \u00a0In aula il consulente ha risposto alle domande del collegio difensivo degli undici imputati accusati di accesso abusivo al credito e bancarotta fraudolenta. Nel dibattimento \u00e8 emerso il ruolo centrale della [&hellip;]<\/p>\n","protected":false},"author":60,"featured_media":159765,"comment_status":"open","ping_status":"closed","sticky":false,"template":"","format":"standard","meta":{"footnotes":""},"categories":[7],"tags":[],"class_list":["post-166448","post","type-post","status-publish","format-standard","has-post-thumbnail","hentry","category-cronaca"],"_links":{"self":[{"href":"https:\/\/www.radioluna.it\/news\/wp-json\/wp\/v2\/posts\/166448","targetHints":{"allow":["GET"]}}],"collection":[{"href":"https:\/\/www.radioluna.it\/news\/wp-json\/wp\/v2\/posts"}],"about":[{"href":"https:\/\/www.radioluna.it\/news\/wp-json\/wp\/v2\/types\/post"}],"author":[{"embeddable":true,"href":"https:\/\/www.radioluna.it\/news\/wp-json\/wp\/v2\/users\/60"}],"replies":[{"embeddable":true,"href":"https:\/\/www.radioluna.it\/news\/wp-json\/wp\/v2\/comments?post=166448"}],"version-history":[{"count":0,"href":"https:\/\/www.radioluna.it\/news\/wp-json\/wp\/v2\/posts\/166448\/revisions"}],"wp:featuredmedia":[{"embeddable":true,"href":"https:\/\/www.radioluna.it\/news\/wp-json\/wp\/v2\/media\/159765"}],"wp:attachment":[{"href":"https:\/\/www.radioluna.it\/news\/wp-json\/wp\/v2\/media?parent=166448"}],"wp:term":[{"taxonomy":"category","embeddable":true,"href":"https:\/\/www.radioluna.it\/news\/wp-json\/wp\/v2\/categories?post=166448"},{"taxonomy":"post_tag","embeddable":true,"href":"https:\/\/www.radioluna.it\/news\/wp-json\/wp\/v2\/tags?post=166448"}],"curies":[{"name":"wp","href":"https:\/\/api.w.org\/{rel}","templated":true}]}}