{"id":166660,"date":"2015-07-22T07:49:49","date_gmt":"2015-07-22T05:49:49","guid":{"rendered":"http:\/\/www.radioluna.it\/news\/?p=166660"},"modified":"2015-07-22T07:49:05","modified_gmt":"2015-07-22T05:49:05","slug":"travolta-mentre-fa-jogging-due-indagati","status":"publish","type":"post","link":"https:\/\/www.radioluna.it\/news\/2015\/07\/travolta-mentre-fa-jogging-due-indagati\/","title":{"rendered":"Travolta mentre fa jogging, due indagati"},"content":{"rendered":"<div id=\"fb-root\"><\/div>\n<p><a href=\"http:\/\/www.radioluna.it\/news\/wp-content\/uploads\/2015\/07\/fiat-iveco.jpg\"><img loading=\"lazy\" decoding=\"async\" class=\" size-thumbnail wp-image-166581 aligncenter\" src=\"http:\/\/www.radioluna.it\/news\/wp-content\/uploads\/2015\/07\/fiat-iveco-635x423.jpg\" alt=\"fiat iveco\" width=\"635\" height=\"423\" srcset=\"https:\/\/www.radioluna.it\/news\/wp-content\/uploads\/2015\/07\/fiat-iveco-635x423.jpg 635w, https:\/\/www.radioluna.it\/news\/wp-content\/uploads\/2015\/07\/fiat-iveco-768x511.jpg 768w, https:\/\/www.radioluna.it\/news\/wp-content\/uploads\/2015\/07\/fiat-iveco-500x333.jpg 500w, https:\/\/www.radioluna.it\/news\/wp-content\/uploads\/2015\/07\/fiat-iveco-600x400.jpg 600w, https:\/\/www.radioluna.it\/news\/wp-content\/uploads\/2015\/07\/fiat-iveco-300x200.jpg 300w, https:\/\/www.radioluna.it\/news\/wp-content\/uploads\/2015\/07\/fiat-iveco-1024x681.jpg 1024w, https:\/\/www.radioluna.it\/news\/wp-content\/uploads\/2015\/07\/fiat-iveco-800x532.jpg 800w, https:\/\/www.radioluna.it\/news\/wp-content\/uploads\/2015\/07\/fiat-iveco.jpg 1000w\" sizes=\"auto, (max-width: 635px) 100vw, 635px\" \/><\/a><\/p>\n<p style=\"text-align: justify;\"><strong>SEZZE<\/strong> &#8211; \u00a0Grande cordoglio a Sezze per la morte di Franca Ciampini, una commerciante molto conosciuta in citt\u00e0 che per anni ha gestito il negozio Orizzonte a Sezze Scalo. L&#8217;esame esterno sul cadavere si svolger\u00e0 gioved\u00ec intanto la Procura ha iscritto sul registro degli indagati, sia il conducente della Mercedes che il camionista che era al volante del furgone Iveco che ha travolto la donna. Si tratta di un atto dovuto, come \u00e8 previsto sempre in questi casi. L&#8217;accusa \u00e8 quella di omicidio colposo.<\/p>\n","protected":false},"excerpt":{"rendered":"<p>SEZZE &#8211; \u00a0Grande cordoglio a Sezze per la morte di Franca Ciampini, una commerciante molto conosciuta in citt\u00e0 che per anni ha gestito il negozio Orizzonte a Sezze Scalo. L&#8217;esame esterno sul cadavere si svolger\u00e0 gioved\u00ec intanto la Procura ha iscritto sul registro degli indagati, sia il conducente della Mercedes che il camionista che era [&hellip;]<\/p>\n","protected":false},"author":60,"featured_media":166581,"comment_status":"open","ping_status":"closed","sticky":false,"template":"","format":"standard","meta":{"footnotes":""},"categories":[7],"tags":[],"class_list":["post-166660","post","type-post","status-publish","format-standard","has-post-thumbnail","hentry","category-cronaca"],"_links":{"self":[{"href":"https:\/\/www.radioluna.it\/news\/wp-json\/wp\/v2\/posts\/166660","targetHints":{"allow":["GET"]}}],"collection":[{"href":"https:\/\/www.radioluna.it\/news\/wp-json\/wp\/v2\/posts"}],"about":[{"href":"https:\/\/www.radioluna.it\/news\/wp-json\/wp\/v2\/types\/post"}],"author":[{"embeddable":true,"href":"https:\/\/www.radioluna.it\/news\/wp-json\/wp\/v2\/users\/60"}],"replies":[{"embeddable":true,"href":"https:\/\/www.radioluna.it\/news\/wp-json\/wp\/v2\/comments?post=166660"}],"version-history":[{"count":0,"href":"https:\/\/www.radioluna.it\/news\/wp-json\/wp\/v2\/posts\/166660\/revisions"}],"wp:featuredmedia":[{"embeddable":true,"href":"https:\/\/www.radioluna.it\/news\/wp-json\/wp\/v2\/media\/166581"}],"wp:attachment":[{"href":"https:\/\/www.radioluna.it\/news\/wp-json\/wp\/v2\/media?parent=166660"}],"wp:term":[{"taxonomy":"category","embeddable":true,"href":"https:\/\/www.radioluna.it\/news\/wp-json\/wp\/v2\/categories?post=166660"},{"taxonomy":"post_tag","embeddable":true,"href":"https:\/\/www.radioluna.it\/news\/wp-json\/wp\/v2\/tags?post=166660"}],"curies":[{"name":"wp","href":"https:\/\/api.w.org\/{rel}","templated":true}]}}