{"id":166666,"date":"2015-07-21T20:14:20","date_gmt":"2015-07-21T18:14:20","guid":{"rendered":"http:\/\/www.radioluna.it\/news\/?p=166666"},"modified":"2015-07-22T16:07:38","modified_gmt":"2015-07-22T14:07:38","slug":"botte-alla-compagna-per-cinque-anni-arrestato","status":"publish","type":"post","link":"https:\/\/www.radioluna.it\/news\/2015\/07\/botte-alla-compagna-per-cinque-anni-arrestato\/","title":{"rendered":"Botte alla compagna per cinque anni, arrestato"},"content":{"rendered":"<div id=\"fb-root\"><\/div>\n<div id=\"attachment_102687\" style=\"width: 160px\" class=\"wp-caption alignleft\"><a href=\"http:\/\/www.radioluna.it\/news\/wp-content\/uploads\/2011\/05\/violenza_2.jpg\"><img loading=\"lazy\" decoding=\"async\" aria-describedby=\"caption-attachment-102687\" class=\"size-thumbnail wp-image-102687\" src=\"http:\/\/www.radioluna.it\/news\/wp-content\/uploads\/2011\/05\/violenza_2-150x150.jpg\" alt=\"Violenza\" width=\"150\" height=\"150\" srcset=\"https:\/\/www.radioluna.it\/news\/wp-content\/uploads\/2011\/05\/violenza_2-150x150.jpg 150w, https:\/\/www.radioluna.it\/news\/wp-content\/uploads\/2011\/05\/violenza_2-300x300.jpg 300w, https:\/\/www.radioluna.it\/news\/wp-content\/uploads\/2011\/05\/violenza_2-80x80.jpg 80w, https:\/\/www.radioluna.it\/news\/wp-content\/uploads\/2011\/05\/violenza_2-70x70.jpg 70w, https:\/\/www.radioluna.it\/news\/wp-content\/uploads\/2011\/05\/violenza_2-115x115.jpg 115w, https:\/\/www.radioluna.it\/news\/wp-content\/uploads\/2011\/05\/violenza_2-220x220.jpg 220w\" sizes=\"auto, (max-width: 150px) 100vw, 150px\" \/><\/a><p id=\"caption-attachment-102687\" class=\"wp-caption-text\">Violenza<\/p><\/div>\n<p style=\"text-align: justify;\"><strong>APRILIA<\/strong> &#8211;\u00a0Per cinque \u00a0anni ha picchiato la convivente, una ragazza etiope. E&#8217; successo ad \u00a0Aprilia dove \u00a0i carabinieri hanno arrestato un 53enne accusato di aver minacciato e aggredito la convivente. L&#8217;arresto \u00e8 scattato dopo la denuncia della donna che si \u00e8 rivolta agli uomini dell&#8217;Arma e ha raccontato i soprusi che \u00e8 stata costretta a subire. Dopo l&#8217;ennesimo episodio, i carabinieri \u00a0sono intervenuti. La donna \u00e8 stata soccorsa e medicata in clinica ad Aprilia per alcune ferite riportate.<\/p>\n","protected":false},"excerpt":{"rendered":"<p>APRILIA &#8211;\u00a0Per cinque \u00a0anni ha picchiato la convivente, una ragazza etiope. E&#8217; successo ad \u00a0Aprilia dove \u00a0i carabinieri hanno arrestato un 53enne accusato di aver minacciato e aggredito la convivente. L&#8217;arresto \u00e8 scattato dopo la denuncia della donna che si \u00e8 rivolta agli uomini dell&#8217;Arma e ha raccontato i soprusi che \u00e8 stata costretta a [&hellip;]<\/p>\n","protected":false},"author":60,"featured_media":102687,"comment_status":"open","ping_status":"closed","sticky":false,"template":"","format":"standard","meta":{"footnotes":""},"categories":[7],"tags":[],"class_list":["post-166666","post","type-post","status-publish","format-standard","has-post-thumbnail","hentry","category-cronaca"],"_links":{"self":[{"href":"https:\/\/www.radioluna.it\/news\/wp-json\/wp\/v2\/posts\/166666","targetHints":{"allow":["GET"]}}],"collection":[{"href":"https:\/\/www.radioluna.it\/news\/wp-json\/wp\/v2\/posts"}],"about":[{"href":"https:\/\/www.radioluna.it\/news\/wp-json\/wp\/v2\/types\/post"}],"author":[{"embeddable":true,"href":"https:\/\/www.radioluna.it\/news\/wp-json\/wp\/v2\/users\/60"}],"replies":[{"embeddable":true,"href":"https:\/\/www.radioluna.it\/news\/wp-json\/wp\/v2\/comments?post=166666"}],"version-history":[{"count":0,"href":"https:\/\/www.radioluna.it\/news\/wp-json\/wp\/v2\/posts\/166666\/revisions"}],"wp:featuredmedia":[{"embeddable":true,"href":"https:\/\/www.radioluna.it\/news\/wp-json\/wp\/v2\/media\/102687"}],"wp:attachment":[{"href":"https:\/\/www.radioluna.it\/news\/wp-json\/wp\/v2\/media?parent=166666"}],"wp:term":[{"taxonomy":"category","embeddable":true,"href":"https:\/\/www.radioluna.it\/news\/wp-json\/wp\/v2\/categories?post=166666"},{"taxonomy":"post_tag","embeddable":true,"href":"https:\/\/www.radioluna.it\/news\/wp-json\/wp\/v2\/tags?post=166666"}],"curies":[{"name":"wp","href":"https:\/\/api.w.org\/{rel}","templated":true}]}}