{"id":166671,"date":"2015-07-31T20:28:28","date_gmt":"2015-07-31T18:28:28","guid":{"rendered":"http:\/\/www.radioluna.it\/news\/?p=166671"},"modified":"2015-08-01T08:52:25","modified_gmt":"2015-08-01T06:52:25","slug":"sonic-factory-inizia-il-conto-alla-rovescia","status":"publish","type":"post","link":"https:\/\/www.radioluna.it\/news\/2015\/07\/sonic-factory-inizia-il-conto-alla-rovescia\/","title":{"rendered":"Sonic Factory, questa sera la semifinale a Pontinia"},"content":{"rendered":"<div id=\"fb-root\"><\/div>\n<p>&nbsp;<\/p>\n<p style=\"text-align: justify;\"><a href=\"http:\/\/www.radioluna.it\/news\/wp-content\/uploads\/2015\/07\/sonic-factory.jpg\"><img loading=\"lazy\" decoding=\"async\" class=\" size-thumbnail wp-image-166711 aligncenter\" src=\"http:\/\/www.radioluna.it\/news\/wp-content\/uploads\/2015\/07\/sonic-factory-635x637.jpg\" alt=\"sonic factory\" width=\"635\" height=\"637\" srcset=\"https:\/\/www.radioluna.it\/news\/wp-content\/uploads\/2015\/07\/sonic-factory-635x637.jpg 635w, https:\/\/www.radioluna.it\/news\/wp-content\/uploads\/2015\/07\/sonic-factory-150x150.jpg 150w, https:\/\/www.radioluna.it\/news\/wp-content\/uploads\/2015\/07\/sonic-factory-768x771.jpg 768w, https:\/\/www.radioluna.it\/news\/wp-content\/uploads\/2015\/07\/sonic-factory-300x301.jpg 300w, https:\/\/www.radioluna.it\/news\/wp-content\/uploads\/2015\/07\/sonic-factory-500x502.jpg 500w, https:\/\/www.radioluna.it\/news\/wp-content\/uploads\/2015\/07\/sonic-factory-80x80.jpg 80w, https:\/\/www.radioluna.it\/news\/wp-content\/uploads\/2015\/07\/sonic-factory-1020x1024.jpg 1020w, https:\/\/www.radioluna.it\/news\/wp-content\/uploads\/2015\/07\/sonic-factory-50x50.jpg 50w, https:\/\/www.radioluna.it\/news\/wp-content\/uploads\/2015\/07\/sonic-factory-800x803.jpg 800w, https:\/\/www.radioluna.it\/news\/wp-content\/uploads\/2015\/07\/sonic-factory.jpg 1000w\" sizes=\"auto, (max-width: 635px) 100vw, 635px\" \/><\/a><\/p>\n<p style=\"text-align: justify;\"><strong>LATINA<\/strong> &#8211;\u00a0Arrivano da tutta Italia, da Milano a Pantelleria, i partecipanti alla quarta edizione di Sonic Factory, il talent show prodotto da Radioluna e Jaf Eventi che quest&#8217;anno ha ottenuto il sostegno del Comune di Pontinia dove si svolgeranno la semifinale e la finale.<\/p>\n<p style=\"text-align: justify;\"><strong>QUANDO<\/strong> &#8211; L&#8217;appuntamento \u00e8 per il 31 luglio e il 1 agosto quando sul palcoscenico allestito in Piazza Indipendenza a Pontinia saliranno venti tra band e solisti (selezionati tra i cinquanta iscritti al concorso), che si contenderanno i Sonic Award. Le serate saranno presentate da Francesca Romana D&#8217;Andrea, fresca di Rds Academy.<\/p>\n<p style=\"text-align: justify;\"><strong>SPAZIO AI GIOVANI TALENTI<\/strong> &#8211; &#8220;Dare spazio ai giovani \u00e8 una nostra priorit\u00e0 e troviamo che Sonic Factory sia una giusta opportunit\u00e0 per tanti ragazzi di talento che scelgono di fare musica e non hanno palacoscenici su cui esibirsi&#8221;, dice il presidente del Consiglio comunale di Pontinia, Giuseppe Belli, che con il sindaco Eligio Tombolillo e l&#8217;assessore alla cultura Patrizia Sperlonga hanno creduto subito nell&#8217;iniziativa. &#8220;L&#8217;adesione ricevuta dal talent \u00e8 anche la dimostrazione &#8211; aggiunge Belli &#8211; che eventi come questo contribuiscono alla crescita culturale e turistica del territorio&#8221;.<\/p>\n<p style=\"text-align: justify;\"><b>ASCOLTA\u00a0<\/b><strong>l&#8217;intervista al\u00a0presidente del Consiglio comunale di Pontinia, Giuseppe Belli\u00a0<\/strong>al microfono di Roberta Sottoriva:<\/p>\n<audio class=\"wp-audio-shortcode\" id=\"audio-166671-1\" preload=\"none\" style=\"width: 100%;\" controls=\"controls\"><source type=\"audio\/mpeg\" src=\"http:\/\/www.radioluna.it\/news\/wp-content\/uploads\/2015\/07\/belli-sonic-factory.mp3?_=1\" \/><a href=\"http:\/\/www.radioluna.it\/news\/wp-content\/uploads\/2015\/07\/belli-sonic-factory.mp3\">http:\/\/www.radioluna.it\/news\/wp-content\/uploads\/2015\/07\/belli-sonic-factory.mp3<\/a><\/audio>\n<p style=\"text-align: justify;\"><strong>CRESCE LA QUALITA&#8217;<\/strong> &#8211; &#8216;&#8221;Siamo soddisfatti di notare che la qualit\u00e0 dei partecipanti \u00e8 ancora cresciuta \u2013 dice il direttore artistico di Radio Luna, Gabriele Brocani &#8211; Abbiamo preferito allungare i tempi della selezione, per garantire una qualit\u00e0 pi\u00f9 alta e una partecipazione pi\u00f9 diffusa su tutto il territorio nazionale e ci siamo riusciti. Alcuni degli artisti provengono dal&#8217;area dei giovani candidati al Festival di Sanremo, li avete visti e li vedrete di nuovo, con ogni probabilit\u00e0, anche sulla scena nazionale&#8221;.<\/p>\n<p style=\"text-align: justify;\"><strong>DA QUEST&#8217;ANNO A PONTINIA<\/strong> &#8211; &#8220;Nonostante le difficolt\u00e0 del momento, siamo riusciti ad ottenere l&#8217;attenzione e il sostegno del Comune di Pontina che ha creduto sin dall&#8217;inizio al progetto. Speriamo sia solo l&#8217;avvio di una proficua collaborazione \u2013 sottolinea Andrea Mirelli, event manager di Jaf \u2013 Siamo anche felici di poter constatare che il progetto in pochi anni \u00e8 riuscito a suscitare l&#8217;interesse di musicisti di ogni parte d&#8217;Italia, dalla Lombardia alla Sicilia&#8221;.<\/p>\n<p style=\"text-align: justify;\"><strong>DIRETTA SU RADIO LUNA<\/strong> &#8211; Le due serate del 31 luglio e del 1 agosto saranno trasmesse su Radio Luna a partire dalle 21, in diretta dal palco e dal back stage, con interviste ad artisti e ospiti a cura di Martina Zaralli e Riccardo Castrichini.<\/p>\n<p style=\"text-align: justify;\"><strong>GLI OSPITI<\/strong> &#8211; Tra gli ospiti musicali, la band fiorentina degli Amarcord, due volte finalista alle selezioni Rai di Sanremo Giovani e vincitrice della scorsa edizione di Sonic Factory; Manuel Finotti, artista di Latina, ha partecipato a numerosi contest internazionali ed \u00e8 stato pi\u00f9 volte finalista a Sanremo nelle selezioni Rai.<\/p>\n<p style=\"text-align: justify;\">Ospite in giuria, Marcello Balestra, docente universitario in Discografia e Diritto d&#8217;autore e discografico di Amici, gi\u00e0 direttore artistico di Warner Music Italia, oggi direttore artistico della storica etichetta di Lucio Dalla, Pressing.<\/p>\n","protected":false},"excerpt":{"rendered":"<p>&nbsp; LATINA &#8211;\u00a0Arrivano da tutta Italia, da Milano a Pantelleria, i partecipanti alla quarta edizione di Sonic Factory, il talent show prodotto da Radioluna e Jaf Eventi che quest&#8217;anno ha ottenuto il sostegno del Comune di Pontinia dove si svolgeranno la semifinale e la finale. QUANDO &#8211; L&#8217;appuntamento \u00e8 per il 31 luglio e il [&hellip;]<\/p>\n","protected":false},"author":60,"featured_media":166711,"comment_status":"open","ping_status":"closed","sticky":false,"template":"","format":"standard","meta":{"footnotes":""},"categories":[16,2310],"tags":[],"class_list":["post-166671","post","type-post","status-publish","format-standard","has-post-thumbnail","hentry","category-appuntamenti","category-audio"],"_links":{"self":[{"href":"https:\/\/www.radioluna.it\/news\/wp-json\/wp\/v2\/posts\/166671","targetHints":{"allow":["GET"]}}],"collection":[{"href":"https:\/\/www.radioluna.it\/news\/wp-json\/wp\/v2\/posts"}],"about":[{"href":"https:\/\/www.radioluna.it\/news\/wp-json\/wp\/v2\/types\/post"}],"author":[{"embeddable":true,"href":"https:\/\/www.radioluna.it\/news\/wp-json\/wp\/v2\/users\/60"}],"replies":[{"embeddable":true,"href":"https:\/\/www.radioluna.it\/news\/wp-json\/wp\/v2\/comments?post=166671"}],"version-history":[{"count":0,"href":"https:\/\/www.radioluna.it\/news\/wp-json\/wp\/v2\/posts\/166671\/revisions"}],"wp:featuredmedia":[{"embeddable":true,"href":"https:\/\/www.radioluna.it\/news\/wp-json\/wp\/v2\/media\/166711"}],"wp:attachment":[{"href":"https:\/\/www.radioluna.it\/news\/wp-json\/wp\/v2\/media?parent=166671"}],"wp:term":[{"taxonomy":"category","embeddable":true,"href":"https:\/\/www.radioluna.it\/news\/wp-json\/wp\/v2\/categories?post=166671"},{"taxonomy":"post_tag","embeddable":true,"href":"https:\/\/www.radioluna.it\/news\/wp-json\/wp\/v2\/tags?post=166671"}],"curies":[{"name":"wp","href":"https:\/\/api.w.org\/{rel}","templated":true}]}}