{"id":166692,"date":"2015-07-22T20:05:27","date_gmt":"2015-07-22T18:05:27","guid":{"rendered":"http:\/\/www.radioluna.it\/news\/?p=166692"},"modified":"2015-07-22T20:05:27","modified_gmt":"2015-07-22T18:05:27","slug":"top-volley-il-mercato-chiude-con-krumins-e-mattei","status":"publish","type":"post","link":"https:\/\/www.radioluna.it\/news\/2015\/07\/top-volley-il-mercato-chiude-con-krumins-e-mattei\/","title":{"rendered":"Top Volley, il mercato chiude con Krumins e Mattei"},"content":{"rendered":"<div id=\"fb-root\"><\/div>\n<div id=\"attachment_166693\" style=\"width: 233px\" class=\"wp-caption alignleft\"><a href=\"http:\/\/www.radioluna.it\/news\/wp-content\/uploads\/2015\/07\/top-volley-Mattei_andrea.jpg\"><img loading=\"lazy\" decoding=\"async\" aria-describedby=\"caption-attachment-166693\" class=\"size-full wp-image-166693\" src=\"http:\/\/www.radioluna.it\/news\/wp-content\/uploads\/2015\/07\/top-volley-Mattei_andrea.jpg\" alt=\"Andrea Mattei\" width=\"223\" height=\"250\" \/><\/a><p id=\"caption-attachment-166693\" class=\"wp-caption-text\">Andrea Mattei<\/p><\/div>\n<p style=\"text-align: justify;\"><strong>LATINA<\/strong> &#8211; \u00a0La Top Volley chiude il mercato con altri due tasselli che completano il puzzle 2015-16. Due atleti che gi\u00e0 si sono messi in evidenza nelle nazionali giovanili, si tratta del centrale di Campoleone, Andrea Mattei proveniente da Padova e il palleggiatore lettone Davis Krumins, lo scorso anno nel Tuscania di Paolo Tofoli.<\/p>\n<p style=\"text-align: justify;\">Andrea Mattei \u00e8 di Campoleone e inizia a giocare nel Team Volley Aprilia per poi approdare nelle giovanili della M.Roma. Nel 2011-12 fa parte del progetto federale \u201cClub Italia\u201d dove disputa il campionato di A2, l\u2019anno successivo coglie la promozione in A1 con il Molfetta, nel 2013-14 viene chiamato da Baldovin a Padova prima in A2 e poi con la promozione in Superlega. Fa parte delle nazionali giovanili con lo stesso Baldovin, disputa la sfortunata qualificazione all\u2019Europeo 2011 Prejuniores, l\u2019anno successivo viene chiamato in Juniores da Bonitta dove con Tailli conquista l\u2019Europeo 2012 di Gdynia.<\/p>\n<p style=\"text-align: justify;\">\nDavis Krumins, lettone di Riga, si trasferisce da bambino in Italia e inizia a giocare a pallavolo nelle giovanili della Cimone. Nel 2007 viene chiamato nella nazionale prejuniores da Mario Barbiero dove disputa l\u2019Europeo, viene confermato l\u2019anno successivo nella Juniores. Nel 2008-09 va in prestito nella vicina Cavriago per il suo primo anno in A2 per poi spostarsi a Monza nell\u2019Acqua Paradiso per un biennio in A1. Nel 2011-12 \u00e8 a Cant\u00f9 in A2, poi a Castellana Grotte in A1 per tornare a Modena nel 2013-14, ma a gennaio va in prestito al Vero Volley Monza dove conquista la promozione. Lo scorso anno \u00e8 stato chiamato a palleggiare da Paolo Tofoli nella Tuscania di A2.<\/p>\n<p>Andrea Mattei: \u201dPrendo questo treno di Latina volentieri. In ogni inizio di stagione spero sempre di fare meglio dell\u2019anno appena passato. Lo scorso ho fatto per la prima volta il titolare in Superlega con Padova. Ho iniziato con l\u2019Aprilia Team Volley per poi spostarmi nella Capitale nel vivaio della M.Roma. Ritrover\u00f2 Tailli, o meglio continuer\u00f2 il percorso iniziato insieme, prima con trofeo il trofeo delle Province, trofeo delle regioni, nelle nazionali giovanili prejuniores e juniores con cui abbiamo vinto l\u2019Europeo juniores. Mi avvicino a casa dato che sono di Campoleone (Aprilia) e quindi porter\u00f2 tanti amici con me in questa avventura. \u00c8 sempre bello aver un pubblico che tifa per te\u201d.<\/p>\n<p>Davis Krumins: \u201cSono molto contento di arrivare a Latina, un posto di cui molti atleti mi hanno parlato bene. Una squadra che ha ottenuto risultati importanti nel passato. Ritrovo Sket e Rossi con cui ho gi\u00e0 giocato in passato, quindi sar\u00e0 pi\u00f9 facile per me inserirmi. Spero di poter dare il mio contributo in A1, ho gi\u00e0 fatto l\u2019esperienza di secondo. Aver avuto come \u2018maestro\u2019 lo scorso anno una leggenda come Tofoli, credo che mi avr\u00e0 fatto crescere. Quest\u2019anno voglio continuare il mio percorso, fare progressi e ritagliarmi il mio spazio sempre nell\u2019ottica del bene della squadra\u201d.<\/p>\n","protected":false},"excerpt":{"rendered":"<p>LATINA &#8211; \u00a0La Top Volley chiude il mercato con altri due tasselli che completano il puzzle 2015-16. Due atleti che gi\u00e0 si sono messi in evidenza nelle nazionali giovanili, si tratta del centrale di Campoleone, Andrea Mattei proveniente da Padova e il palleggiatore lettone Davis Krumins, lo scorso anno nel Tuscania di Paolo Tofoli. Andrea [&hellip;]<\/p>\n","protected":false},"author":60,"featured_media":166694,"comment_status":"open","ping_status":"closed","sticky":false,"template":"","format":"standard","meta":{"footnotes":""},"categories":[17],"tags":[],"class_list":["post-166692","post","type-post","status-publish","format-standard","has-post-thumbnail","hentry","category-sport"],"_links":{"self":[{"href":"https:\/\/www.radioluna.it\/news\/wp-json\/wp\/v2\/posts\/166692","targetHints":{"allow":["GET"]}}],"collection":[{"href":"https:\/\/www.radioluna.it\/news\/wp-json\/wp\/v2\/posts"}],"about":[{"href":"https:\/\/www.radioluna.it\/news\/wp-json\/wp\/v2\/types\/post"}],"author":[{"embeddable":true,"href":"https:\/\/www.radioluna.it\/news\/wp-json\/wp\/v2\/users\/60"}],"replies":[{"embeddable":true,"href":"https:\/\/www.radioluna.it\/news\/wp-json\/wp\/v2\/comments?post=166692"}],"version-history":[{"count":0,"href":"https:\/\/www.radioluna.it\/news\/wp-json\/wp\/v2\/posts\/166692\/revisions"}],"wp:featuredmedia":[{"embeddable":true,"href":"https:\/\/www.radioluna.it\/news\/wp-json\/wp\/v2\/media\/166694"}],"wp:attachment":[{"href":"https:\/\/www.radioluna.it\/news\/wp-json\/wp\/v2\/media?parent=166692"}],"wp:term":[{"taxonomy":"category","embeddable":true,"href":"https:\/\/www.radioluna.it\/news\/wp-json\/wp\/v2\/categories?post=166692"},{"taxonomy":"post_tag","embeddable":true,"href":"https:\/\/www.radioluna.it\/news\/wp-json\/wp\/v2\/tags?post=166692"}],"curies":[{"name":"wp","href":"https:\/\/api.w.org\/{rel}","templated":true}]}}