{"id":166700,"date":"2015-07-22T20:50:27","date_gmt":"2015-07-22T18:50:27","guid":{"rendered":"http:\/\/www.radioluna.it\/news\/?p=166700"},"modified":"2015-07-22T20:50:27","modified_gmt":"2015-07-22T18:50:27","slug":"provincia-alle-prese-con-la-riforma-approvato-il-bilancio-dopo-i-tagli-pari-a-23-milioni-di-euro","status":"publish","type":"post","link":"https:\/\/www.radioluna.it\/news\/2015\/07\/provincia-alle-prese-con-la-riforma-approvato-il-bilancio-dopo-i-tagli-pari-a-23-milioni-di-euro\/","title":{"rendered":"Provincia alle prese con la riforma: approvato il bilancio dopo i tagli pari a 23 milioni di euro"},"content":{"rendered":"<div id=\"fb-root\"><\/div>\n<p style=\"text-align: justify;\"><strong><a href=\"http:\/\/www.radioluna.it\/news\/wp-content\/uploads\/2015\/05\/eleonora-della-penna.jpg\"><img loading=\"lazy\" decoding=\"async\" class=\"aligncenter size-thumbnail wp-image-163856\" src=\"http:\/\/www.radioluna.it\/news\/wp-content\/uploads\/2015\/05\/eleonora-della-penna-635x357.jpg\" alt=\"eleonora-della-penna\" width=\"635\" height=\"357\" srcset=\"https:\/\/www.radioluna.it\/news\/wp-content\/uploads\/2015\/05\/eleonora-della-penna-635x357.jpg 635w, https:\/\/www.radioluna.it\/news\/wp-content\/uploads\/2015\/05\/eleonora-della-penna-768x432.jpg 768w, https:\/\/www.radioluna.it\/news\/wp-content\/uploads\/2015\/05\/eleonora-della-penna-500x281.jpg 500w, https:\/\/www.radioluna.it\/news\/wp-content\/uploads\/2015\/05\/eleonora-della-penna-300x169.jpg 300w, https:\/\/www.radioluna.it\/news\/wp-content\/uploads\/2015\/05\/eleonora-della-penna-1024x576.jpg 1024w, https:\/\/www.radioluna.it\/news\/wp-content\/uploads\/2015\/05\/eleonora-della-penna-800x450.jpg 800w, https:\/\/www.radioluna.it\/news\/wp-content\/uploads\/2015\/05\/eleonora-della-penna.jpg 1000w\" sizes=\"auto, (max-width: 635px) 100vw, 635px\" \/><\/a>LATINA<\/strong> &#8211; E\u2019 stato approvato oggi con i voti a favore della maggioranza e l\u2019astensione dei consiglieri di opposizione il bilancio di previsione anno 2015 e il pluriennale 2015-2017 con la relativa relazione previsionale e programmatica della Provincia.\u00a0Il documento contabile rappresenta uno dei passaggi essenziali per la vita dell\u2019ente alle prese con una fase di riorganizzazione dovuta alla recente riforma e che ha comportato corposi tagli pari a circa 23 milioni di euro.<\/p>\n<p style=\"text-align: justify;\">Il presidente, nel corso del suo intervento introduttivo, ha voluto ribadire proprio le difficolt\u00e0 relative alla redazione del bilancio dovute appunto al notevole ridimensionamento delle risorse a disposizione dell\u2019ente: \u201cI numeri di questo bilancio \u2013 ha affermato il presidente Della Penna \u2013 non sono confortanti e non ci hanno consentito di incidere, come avremmo voluto, nelle scelte dell\u2019ente proprio per la mancanza di fondi. Molte voci del documento contabile \u2013 ha affermato ancora il presidente \u2013 sono frutto di richieste di finanziamento presentate alla Regione Lazio (4,5 milioni di euro per la differenziata, 1,5 milioni per la cultura e il diritto allo studio, 8,5 milioni per la formazione e il lavoro, 90,5 milioni di euro per investimenti e programmazione), senza questo tipo di lavoro avremmo potuto prevedere davvero poco. Basti pensare \u2013 ha sottolineato ancora Della Penna \u2013 che i fondi a disposizione per la viabilit\u00e0 provinciale e regionale sono circa 1 milione e 400mila euro e che per la manutenzione delle scuole abbiamo a disposizione 600mila euro. Queste cifre devono far riflettere e, in questo contesto, \u00e8 necessario anche comprendere definitivamente quali siano le competenze che resteranno a carico delle Province. Oggi, come ente, ci siamo trovati a garantire servizi, penso ad esempio all\u2019assistenza per gli alunni disabili, che non sono pi\u00f9 nostra competenza. Lo abbiamo fatto garantendo risorse dirette di bilancio che purtroppo non abbiamo pi\u00f9 e su cui dovr\u00e0 intervenire necessariamente la Regione Lazio gi\u00e0 dal prossimo mese di settembre. Questo \u00e8 uno degli esempi pi\u00f9 eclatanti e che lascia bene intendere le difficolt\u00e0 con cui l\u2019ente si trova ad operare a seguito della riforma Delrio anche per quanto riguarda la riorganizzazione dei lavoratori che, giustamente, chiedono chiarezza e maggiori certezze ai governi nazionale e regionale\u201d.<\/p>\n<p style=\"text-align: justify;\">I\u00a0consiglieri hanno chiesto di riportare all\u2019attenzione dell\u2019Assise i temi relativi ai rifiuti e alla salvaguardia dell\u2019ambiente oltre che alle crisi occupazionali di cui la Provincia si sta occupando attraverso i tavoli di concertazione che porteranno al patto strategico sottoscritto con le associazioni di categoria. \u201cE\u2019 importante \u2013 ha affermato il consigliere Bartolomeo \u2013 tornare a discutere di questi argomenti coinvolgendo, per quanto riguarda anche le progettualit\u00e0, la stessa Regione Lazio\u201d. Il consigliere Forte, inoltre, ha chiesto al presidente Della Penna di coinvolgere in una prossima discussione proprio il presidente Zingaretti. \u201cI grandi temi che interessano il territorio, come il confronto sui rifiuti \u2013 ha sottolineato\u00a0Della Penna \u2013 sono ovviamente sull\u2019agenda dell\u2019amministrazione. Condivido la richiesta avanzata da diversi gruppi di discutere durante sedute monotematiche, proprio questi argomenti. Per quanto riguarda il bilancio voglio ringraziare tutto il consiglio provinciale per avere dimostrato, ancora una volta, spirito di collaborazione e ampia volont\u00e0 di dialogo e di confronto\u201d.<\/p>\n<p style=\"text-align: justify;\">\n","protected":false},"excerpt":{"rendered":"<p>LATINA &#8211; E\u2019 stato approvato oggi con i voti a favore della maggioranza e l\u2019astensione dei consiglieri di opposizione il bilancio di previsione anno 2015 e il pluriennale 2015-2017 con la relativa relazione previsionale e programmatica della Provincia.\u00a0Il documento contabile rappresenta uno dei passaggi essenziali per la vita dell\u2019ente alle prese con una fase di [&hellip;]<\/p>\n","protected":false},"author":60,"featured_media":163856,"comment_status":"open","ping_status":"closed","sticky":false,"template":"","format":"standard","meta":{"footnotes":""},"categories":[12,8],"tags":[],"class_list":["post-166700","post","type-post","status-publish","format-standard","has-post-thumbnail","hentry","category-ambiente","category-politica"],"_links":{"self":[{"href":"https:\/\/www.radioluna.it\/news\/wp-json\/wp\/v2\/posts\/166700","targetHints":{"allow":["GET"]}}],"collection":[{"href":"https:\/\/www.radioluna.it\/news\/wp-json\/wp\/v2\/posts"}],"about":[{"href":"https:\/\/www.radioluna.it\/news\/wp-json\/wp\/v2\/types\/post"}],"author":[{"embeddable":true,"href":"https:\/\/www.radioluna.it\/news\/wp-json\/wp\/v2\/users\/60"}],"replies":[{"embeddable":true,"href":"https:\/\/www.radioluna.it\/news\/wp-json\/wp\/v2\/comments?post=166700"}],"version-history":[{"count":0,"href":"https:\/\/www.radioluna.it\/news\/wp-json\/wp\/v2\/posts\/166700\/revisions"}],"wp:featuredmedia":[{"embeddable":true,"href":"https:\/\/www.radioluna.it\/news\/wp-json\/wp\/v2\/media\/163856"}],"wp:attachment":[{"href":"https:\/\/www.radioluna.it\/news\/wp-json\/wp\/v2\/media?parent=166700"}],"wp:term":[{"taxonomy":"category","embeddable":true,"href":"https:\/\/www.radioluna.it\/news\/wp-json\/wp\/v2\/categories?post=166700"},{"taxonomy":"post_tag","embeddable":true,"href":"https:\/\/www.radioluna.it\/news\/wp-json\/wp\/v2\/tags?post=166700"}],"curies":[{"name":"wp","href":"https:\/\/api.w.org\/{rel}","templated":true}]}}