{"id":167030,"date":"2015-07-31T09:42:54","date_gmt":"2015-07-31T07:42:54","guid":{"rendered":"http:\/\/www.radioluna.it\/news\/?p=167030"},"modified":"2015-07-31T13:20:47","modified_gmt":"2015-07-31T11:20:47","slug":"fare-la-spesa-senza-orari-arriva-la-rivoluzione","status":"publish","type":"post","link":"https:\/\/www.radioluna.it\/news\/2015\/07\/fare-la-spesa-senza-orari-arriva-la-rivoluzione\/","title":{"rendered":"Fare la spesa senza orari, arriva la rivoluzione"},"content":{"rendered":"<div id=\"fb-root\"><\/div>\n<p><a href=\"http:\/\/www.radioluna.it\/news\/wp-content\/uploads\/2014\/11\/Carrello_della_spesa.jpg\"><img loading=\"lazy\" decoding=\"async\" class=\"aligncenter size-full wp-image-157940\" src=\"http:\/\/www.radioluna.it\/news\/wp-content\/uploads\/2014\/11\/Carrello_della_spesa.jpg\" alt=\"Carrello_della_spesa\" width=\"600\" height=\"390\" srcset=\"https:\/\/www.radioluna.it\/news\/wp-content\/uploads\/2014\/11\/Carrello_della_spesa.jpg 600w, https:\/\/www.radioluna.it\/news\/wp-content\/uploads\/2014\/11\/Carrello_della_spesa-500x325.jpg 500w, https:\/\/www.radioluna.it\/news\/wp-content\/uploads\/2014\/11\/Carrello_della_spesa-300x195.jpg 300w\" sizes=\"auto, (max-width: 600px) 100vw, 600px\" \/><\/a><\/p>\n<p style=\"text-align: justify;\"><strong>LATINA &#8211;<\/strong>\u00a0Sar\u00e0 una rivoluzione per molti: \u00a0da adesso fare la spesa \u00e8 possibile fino a mezzanotte. Sono queste le novit\u00e0 dei supermercati Carrefour gestiti dalla famiglia Cassandra. Il punto vendita di Sabaudia, appena ristrutturato, sar\u00e0 aperto 24 ore su 24 e sette giorni su sette. E&#8217; il primo e unico della categoria in tutta la provincia di Latina, nel capoluogo invece dopo il successo con il Market in via del Lido 122 anche il punto vendita di via Capograssa 5 da ieri \u00e8 aperto fino a mezzanotte per agevolare ma anche andare incontro alle esigenze dei clienti. E&#8217; un esperimento per Latina che cerca di diventare da questo punto di vista una grande citt\u00e0 e il gruppo francese Carrefour ha gi\u00e0 intrapreso questa strada in altre citt\u00e0 italiane, in Toscana e Piemonte. &lt;Con questa apertura programmata, speriamo di agevolare un servizio ai clienti e di acquistarne dei nuovi per garantire la possibilit\u00e0 di fare la spesa anche fuori dalle consuete fasce orarie, come avviene all&#8217;estero&gt;, ha detto Manuel Cassandra, direttore del Market di via del Lido.<\/p>\n","protected":false},"excerpt":{"rendered":"<p>LATINA &#8211;\u00a0Sar\u00e0 una rivoluzione per molti: \u00a0da adesso fare la spesa \u00e8 possibile fino a mezzanotte. Sono queste le novit\u00e0 dei supermercati Carrefour gestiti dalla famiglia Cassandra. Il punto vendita di Sabaudia, appena ristrutturato, sar\u00e0 aperto 24 ore su 24 e sette giorni su sette. E&#8217; il primo e unico della categoria in tutta la [&hellip;]<\/p>\n","protected":false},"author":60,"featured_media":157940,"comment_status":"open","ping_status":"closed","sticky":false,"template":"","format":"standard","meta":{"footnotes":""},"categories":[735,11],"tags":[],"class_list":["post-167030","post","type-post","status-publish","format-standard","has-post-thumbnail","hentry","category-attualita","category-economia"],"_links":{"self":[{"href":"https:\/\/www.radioluna.it\/news\/wp-json\/wp\/v2\/posts\/167030","targetHints":{"allow":["GET"]}}],"collection":[{"href":"https:\/\/www.radioluna.it\/news\/wp-json\/wp\/v2\/posts"}],"about":[{"href":"https:\/\/www.radioluna.it\/news\/wp-json\/wp\/v2\/types\/post"}],"author":[{"embeddable":true,"href":"https:\/\/www.radioluna.it\/news\/wp-json\/wp\/v2\/users\/60"}],"replies":[{"embeddable":true,"href":"https:\/\/www.radioluna.it\/news\/wp-json\/wp\/v2\/comments?post=167030"}],"version-history":[{"count":0,"href":"https:\/\/www.radioluna.it\/news\/wp-json\/wp\/v2\/posts\/167030\/revisions"}],"wp:featuredmedia":[{"embeddable":true,"href":"https:\/\/www.radioluna.it\/news\/wp-json\/wp\/v2\/media\/157940"}],"wp:attachment":[{"href":"https:\/\/www.radioluna.it\/news\/wp-json\/wp\/v2\/media?parent=167030"}],"wp:term":[{"taxonomy":"category","embeddable":true,"href":"https:\/\/www.radioluna.it\/news\/wp-json\/wp\/v2\/categories?post=167030"},{"taxonomy":"post_tag","embeddable":true,"href":"https:\/\/www.radioluna.it\/news\/wp-json\/wp\/v2\/tags?post=167030"}],"curies":[{"name":"wp","href":"https:\/\/api.w.org\/{rel}","templated":true}]}}