{"id":167058,"date":"2015-07-31T18:33:36","date_gmt":"2015-07-31T16:33:36","guid":{"rendered":"http:\/\/www.radioluna.it\/news\/?p=167058"},"modified":"2015-07-31T18:37:29","modified_gmt":"2015-07-31T16:37:29","slug":"chiusura-temporanea-della-migliara-47-allaltezza-del-canale-linea-pio","status":"publish","type":"post","link":"https:\/\/www.radioluna.it\/news\/2015\/07\/chiusura-temporanea-della-migliara-47-allaltezza-del-canale-linea-pio\/","title":{"rendered":"Chiusura temporanea della Migliara 47 all&#8217;altezza del canale Linea Pio"},"content":{"rendered":"<div id=\"fb-root\"><\/div>\n<p style=\"text-align: justify;\"><strong><a href=\"http:\/\/www.radioluna.it\/news\/wp-content\/uploads\/2015\/07\/migliara-47.jpg\"><img loading=\"lazy\" decoding=\"async\" class=\"aligncenter size-full wp-image-167059\" src=\"http:\/\/www.radioluna.it\/news\/wp-content\/uploads\/2015\/07\/migliara-47.jpg\" alt=\"migliara 47\" width=\"500\" height=\"375\" srcset=\"https:\/\/www.radioluna.it\/news\/wp-content\/uploads\/2015\/07\/migliara-47.jpg 500w, https:\/\/www.radioluna.it\/news\/wp-content\/uploads\/2015\/07\/migliara-47-300x225.jpg 300w\" sizes=\"auto, (max-width: 500px) 100vw, 500px\" \/><\/a>LATINA<\/strong> &#8211; Chiusura al traffico prevista per luned\u00ec 3 agosto della Migliara 47. Lo ha reso noto il dirigente del Settore Viabilit\u00e0 della Provincia di Latina, nell&#8217;ambito degli interventi previsti dal 3\u00b0 Programma Nazionale di attuazione della sicurezza stradale, al fine di garantire in condizioni di sicurezza la realizzazione dei lavori riguardanti la Migliara 47 Braccio Appia, in corrispondenza del ponte stradale che attraversa il canale Linea Pio.<\/p>\n<p style=\"text-align: justify;\">La chiusura temporanea al traffico, con esclusione dei residenti, \u00e8 prevista dalle 8 alle 18, sino al termine dei lavori. &#8220;Saranno a carico dell&#8217;impresa esecutrice dei lavori &#8211; si legge nella nota sul sito dell&#8217;ente &#8211; l&#8217;apposizione e la cura di tutta la segnaletica verticale ed orizzontale necessaria per il segnalamento del cantiere, e la tenuta di personale addetto ad informare ed accompagnare i mezzi che transiteranno nell&#8217;area di cantiere, a salvaguardia della sicurezza dei terzi e del personale stesso&#8221;.<\/p>\n<p style=\"text-align: justify;\"><strong>LAVORI IN CORSO<\/strong>.\u00a0Il settore viabilit\u00e0 dell\u2019ente di via Costa ha provveduto a consegnare nella giornata di ieri i lavori per la realizzazione di una rotatoria tra le strade provinciali Via Fontana dei Papi e via dei Rutuli nel territorio del Comune di Aprilia. Si tratta di un intervento importante di messa in sicurezza della zona che era atteso da tempo e che prevede un investimento complessivo di 229.224,15 euro. La conclusione dei lavori, eseguiti dalla societ\u00e0 Gemini Appalti Srl di Sgurgola, \u00e8 prevista entro il 24 aprile 2016.\u00a0La \u00a0Provincia sta provvedendo in questi giorni a ristrutturare e mettere nuovamente in sicurezza con adeguata segnaletica orizzontale ed illuminazione anche le due rotatorie site su via Provinciale per Latina nel territorio comunale di Cisterna. Gli interventi interessano le rotonde che si trovano agli incroci di via Provinciale per Latina, via Ninfina II e via del Pettirosso.<\/p>\n<p style=\"text-align: justify;\">Sono stati inoltre appaltati i lavori per la realizzazione di una passerella pedonale in localit\u00e0 Santa Croce, nel territorio del Comune di Formia, in corrispondenza dell\u2019attraversamento del torrente Rio Santa Croce sull\u2019ex Ss Appia. L\u2019importo dei lavori \u00e8 di 145mila 220 euro.<\/p>\n<p style=\"text-align: justify;\">\u201cCome ho avuto modo di dire in altre occasioni, anche in sede di approvazione di bilancio \u2013 afferma il presidente della Provincia. Elenora Della Penna -, nonostante le esigue risorse a disposizione non rinunciamo al nostro ruolo e continuiamo ad intervenire su tutto il territorio provinciale per la messa in sicurezza delle strade di nostra competenza. Si tratta di lavori, anche di piccola entit\u00e0, che per\u00f2 sono molto attesi proprio perch\u00e9 ricadono su zone molto trafficate. Molti interventi sono stati fatti in numerosi comuni del territorio sia nell\u2019ambito del piano nazionale per la sicurezza stradale (che interessato i comuni di Lenola, Pontinia, Fondi, Cisterna, Sezze, Norma e Bassiano) che con risorse proprie dell\u2019ente. Anche nei prossimi mesi proseguiremo in questa direzione convinti di dare un contributo alla sicurezza dei nostri concittadini e alle attivit\u00e0 dei comuni del nostro territorio\u201d.<\/p>\n<p style=\"text-align: justify;\">\n<div class=\"radio-posizionamento-telefono-in-articoli-dopo-il-contenuto-articolo radio-entity-placement\" id=\"radio-1437385869\"><div id=\"radio-1368743329\"><a href=\"https:\/\/www.simeoneceramiche.com\/\" aria-label=\"SIMEONE CERAMICHE GIF animata per radioluna_Tavola disegno 1 copia 2 (online-video-cutter.com)\"><img loading=\"lazy\" decoding=\"async\" src=\"https:\/\/www.radioluna.it\/news\/wp-content\/uploads\/2025\/05\/SIMEONE-CERAMICHE-GIF-animata-per-radioluna_Tavola-disegno-1-copia-2-online-video-cutter.com_.gif\" alt=\"\"  width=\"300\" height=\"250\"   \/><\/a><\/div><\/div>","protected":false},"excerpt":{"rendered":"<p>LATINA &#8211; Chiusura al traffico prevista per luned\u00ec 3 agosto della Migliara 47. Lo ha reso noto il dirigente del Settore Viabilit\u00e0 della Provincia di Latina, nell&#8217;ambito degli interventi previsti dal 3\u00b0 Programma Nazionale di attuazione della sicurezza stradale, al fine di garantire in condizioni di sicurezza la realizzazione dei lavori riguardanti la Migliara 47 [&hellip;]<\/p>\n","protected":false},"author":60,"featured_media":167059,"comment_status":"open","ping_status":"closed","sticky":false,"template":"","format":"standard","meta":{"footnotes":""},"categories":[7],"tags":[],"class_list":["post-167058","post","type-post","status-publish","format-standard","has-post-thumbnail","hentry","category-cronaca"],"_links":{"self":[{"href":"https:\/\/www.radioluna.it\/news\/wp-json\/wp\/v2\/posts\/167058","targetHints":{"allow":["GET"]}}],"collection":[{"href":"https:\/\/www.radioluna.it\/news\/wp-json\/wp\/v2\/posts"}],"about":[{"href":"https:\/\/www.radioluna.it\/news\/wp-json\/wp\/v2\/types\/post"}],"author":[{"embeddable":true,"href":"https:\/\/www.radioluna.it\/news\/wp-json\/wp\/v2\/users\/60"}],"replies":[{"embeddable":true,"href":"https:\/\/www.radioluna.it\/news\/wp-json\/wp\/v2\/comments?post=167058"}],"version-history":[{"count":0,"href":"https:\/\/www.radioluna.it\/news\/wp-json\/wp\/v2\/posts\/167058\/revisions"}],"wp:featuredmedia":[{"embeddable":true,"href":"https:\/\/www.radioluna.it\/news\/wp-json\/wp\/v2\/media\/167059"}],"wp:attachment":[{"href":"https:\/\/www.radioluna.it\/news\/wp-json\/wp\/v2\/media?parent=167058"}],"wp:term":[{"taxonomy":"category","embeddable":true,"href":"https:\/\/www.radioluna.it\/news\/wp-json\/wp\/v2\/categories?post=167058"},{"taxonomy":"post_tag","embeddable":true,"href":"https:\/\/www.radioluna.it\/news\/wp-json\/wp\/v2\/tags?post=167058"}],"curies":[{"name":"wp","href":"https:\/\/api.w.org\/{rel}","templated":true}]}}