{"id":167081,"date":"2015-08-01T13:10:09","date_gmt":"2015-08-01T11:10:09","guid":{"rendered":"http:\/\/www.radioluna.it\/news\/?p=167081"},"modified":"2015-08-03T14:36:18","modified_gmt":"2015-08-03T12:36:18","slug":"auto-si-ribalta-sei-feriti-tra-cui-due-bambini","status":"publish","type":"post","link":"https:\/\/www.radioluna.it\/news\/2015\/08\/auto-si-ribalta-sei-feriti-tra-cui-due-bambini\/","title":{"rendered":"Auto si ribalta, sei feriti tra cui due bambini"},"content":{"rendered":"<div id=\"fb-root\"><\/div>\n<p><a href=\"http:\/\/www.radioluna.it\/news\/wp-content\/uploads\/2010\/10\/ambulanza-150x150.jpg\"><img loading=\"lazy\" decoding=\"async\" class=\"aligncenter size-full wp-image-31981\" src=\"http:\/\/www.radioluna.it\/news\/wp-content\/uploads\/2010\/10\/ambulanza-150x150.jpg\" alt=\"ambulanza-150x150\" width=\"150\" height=\"150\" srcset=\"https:\/\/www.radioluna.it\/news\/wp-content\/uploads\/2010\/10\/ambulanza-150x150.jpg 150w, https:\/\/www.radioluna.it\/news\/wp-content\/uploads\/2010\/10\/ambulanza-150x150-80x80.jpg 80w, https:\/\/www.radioluna.it\/news\/wp-content\/uploads\/2010\/10\/ambulanza-150x150-35x35.jpg 35w, https:\/\/www.radioluna.it\/news\/wp-content\/uploads\/2010\/10\/ambulanza-150x150-55x55.jpg 55w, https:\/\/www.radioluna.it\/news\/wp-content\/uploads\/2010\/10\/ambulanza-150x150-45x45.jpg 45w, https:\/\/www.radioluna.it\/news\/wp-content\/uploads\/2010\/10\/ambulanza-150x150-70x70.jpg 70w, https:\/\/www.radioluna.it\/news\/wp-content\/uploads\/2010\/10\/ambulanza-150x150-110x110.jpg 110w\" sizes=\"auto, (max-width: 150px) 100vw, 150px\" \/><\/a><\/p>\n<p style=\"text-align: justify;\"><strong>APRILIA-<\/strong> E&#8217; di sei persone ferite, tra cui due bambini, \u00a0in modo lieve il bilancio di un incidente stradale avvenuto questa mattina nel territorio di Aprilia. Una Lancia Musa per cause da accertare \u00e8 uscita fuori strada ed \u00e8 finita in una cunetta, non \u00e8 escluso che la vettura sia uscita dal rettilineo per evitare un&#8217;altra auto che si stava immettendo in via de Cinque Archi. I sei feriti sono stati trasportati al Goretti di Latina ma il loro quadro clinico non \u00e8 preoccupante. La dinamica \u00e8 in fase di ricostruzione da parte dei carabinieri e della polizia locale.<\/p>\n<div><\/div>\n<div class=\"radio-posizionamento-telefono-in-articoli-dopo-il-contenuto-articolo radio-entity-placement\" id=\"radio-1319410916\"><div id=\"radio-424408393\" style=\"width: 300px;height: 250px;\"><a href=\"https:\/\/www.icarspa.it\/auto\/usate\/latina\/\" aria-label=\"banner aprile icar new life &#8211; auto usate latina\"><img loading=\"lazy\" decoding=\"async\" src=\"https:\/\/www.radioluna.it\/news\/wp-content\/uploads\/2026\/02\/banner-aprile-icar-new-life-auto-usate-latina.gif\" alt=\"\"  width=\"300\" height=\"250\"   \/><\/a><\/div><\/div>","protected":false},"excerpt":{"rendered":"<p>APRILIA- E&#8217; di sei persone ferite, tra cui due bambini, \u00a0in modo lieve il bilancio di un incidente stradale avvenuto questa mattina nel territorio di Aprilia. Una Lancia Musa per cause da accertare \u00e8 uscita fuori strada ed \u00e8 finita in una cunetta, non \u00e8 escluso che la vettura sia uscita dal rettilineo per evitare [&hellip;]<\/p>\n","protected":false},"author":60,"featured_media":31981,"comment_status":"open","ping_status":"closed","sticky":false,"template":"","format":"standard","meta":{"footnotes":""},"categories":[7],"tags":[],"class_list":["post-167081","post","type-post","status-publish","format-standard","has-post-thumbnail","hentry","category-cronaca"],"_links":{"self":[{"href":"https:\/\/www.radioluna.it\/news\/wp-json\/wp\/v2\/posts\/167081","targetHints":{"allow":["GET"]}}],"collection":[{"href":"https:\/\/www.radioluna.it\/news\/wp-json\/wp\/v2\/posts"}],"about":[{"href":"https:\/\/www.radioluna.it\/news\/wp-json\/wp\/v2\/types\/post"}],"author":[{"embeddable":true,"href":"https:\/\/www.radioluna.it\/news\/wp-json\/wp\/v2\/users\/60"}],"replies":[{"embeddable":true,"href":"https:\/\/www.radioluna.it\/news\/wp-json\/wp\/v2\/comments?post=167081"}],"version-history":[{"count":0,"href":"https:\/\/www.radioluna.it\/news\/wp-json\/wp\/v2\/posts\/167081\/revisions"}],"wp:featuredmedia":[{"embeddable":true,"href":"https:\/\/www.radioluna.it\/news\/wp-json\/wp\/v2\/media\/31981"}],"wp:attachment":[{"href":"https:\/\/www.radioluna.it\/news\/wp-json\/wp\/v2\/media?parent=167081"}],"wp:term":[{"taxonomy":"category","embeddable":true,"href":"https:\/\/www.radioluna.it\/news\/wp-json\/wp\/v2\/categories?post=167081"},{"taxonomy":"post_tag","embeddable":true,"href":"https:\/\/www.radioluna.it\/news\/wp-json\/wp\/v2\/tags?post=167081"}],"curies":[{"name":"wp","href":"https:\/\/api.w.org\/{rel}","templated":true}]}}