{"id":167117,"date":"2015-08-03T10:30:06","date_gmt":"2015-08-03T08:30:06","guid":{"rendered":"http:\/\/www.radioluna.it\/news\/?p=167117"},"modified":"2015-08-03T10:30:06","modified_gmt":"2015-08-03T08:30:06","slug":"servizi-a-imprese-e-start-up-nasce-la-rete-spazio-attivo","status":"publish","type":"post","link":"https:\/\/www.radioluna.it\/news\/2015\/08\/servizi-a-imprese-e-start-up-nasce-la-rete-spazio-attivo\/","title":{"rendered":"Servizi a imprese e start up, nasce la rete Spazio Attivo"},"content":{"rendered":"<div id=\"fb-root\"><\/div>\n<p style=\"text-align: justify;\"><strong><a href=\"http:\/\/www.radioluna.it\/news\/wp-content\/uploads\/2015\/08\/lazio-innova.jpg\"><img loading=\"lazy\" decoding=\"async\" class=\"aligncenter size-thumbnail wp-image-167122\" src=\"http:\/\/www.radioluna.it\/news\/wp-content\/uploads\/2015\/08\/lazio-innova-635x393.jpg\" alt=\"lazio innova\" width=\"635\" height=\"393\" srcset=\"https:\/\/www.radioluna.it\/news\/wp-content\/uploads\/2015\/08\/lazio-innova-635x393.jpg 635w, https:\/\/www.radioluna.it\/news\/wp-content\/uploads\/2015\/08\/lazio-innova-768x475.jpg 768w, https:\/\/www.radioluna.it\/news\/wp-content\/uploads\/2015\/08\/lazio-innova-500x309.jpg 500w, https:\/\/www.radioluna.it\/news\/wp-content\/uploads\/2015\/08\/lazio-innova-300x186.jpg 300w, https:\/\/www.radioluna.it\/news\/wp-content\/uploads\/2015\/08\/lazio-innova-800x495.jpg 800w, https:\/\/www.radioluna.it\/news\/wp-content\/uploads\/2015\/08\/lazio-innova.jpg 852w\" sizes=\"auto, (max-width: 635px) 100vw, 635px\" \/><\/a>LATINA<\/strong> &#8211;\u00a0Al via il progetto regionale della Rete Spazio Attivo, il network di hub regionali per i servizi ai cittadini e alle imprese che vedranno la luce a partire dall&#8217;autunno in tutte le province del Lazio. Lo afferma la Regione Lazio precisando che la Giunta ha approvato la delibera che definisce compiti, obiettivi e funzioni delle nuove strutture.<\/p>\n<p style=\"text-align: justify;\">\u00abIl progetto &#8211; si legge nella nota dell&#8217;Ente &#8211; \u00a0&#8211; \u00e8 frutto del coordinamento tra diversi assessorati e direzioni dell&#8217;amministrazione regionale e vede il coinvolgimento attivo dei territori interessati. Gli Spazi Attivi sono pensati per riunificare in un unico luogo una molteplicit\u00e0 di servizi regionali per le imprese, le startup, i FabLab, la formazione, l&#8217;orientamento e il lavoro. Saranno anche luoghi di incontro, aperti ai territori e alla collaborazione tra enti locali, imprese, consorzi industriali, universit\u00e0 e centri di ricerca. Il progetto ne prevede almeno uno per Provincia e vogliono essere uno strumento per razionalizzare l&#8217;offerta dei servizi a favore della competitivit\u00e0 dell&#8217;economia\u00bb.<\/p>\n<p style=\"text-align: justify;\">Ogni Spazio Attivo sar\u00e0 quindi un punto di raccordo tra la Regione Lazio e la realt\u00e0 locale e ricomprender\u00e0 varie attivit\u00e0 trasversali che vanno dallo \u00abSportello Europa\u00bb, alle strutture per il lavoro \u00abPortaFuturo\u00bb, agli incubatori di imprese, anche innovative, ai FabLab e spazi di Coworking; a questo si aggiungeranno anche attivit\u00e0 per la partecipazione e l&#8217;animazione territoriale e per lo svolgimento di percorsi formativi. Saranno inoltre disponibili servizi di supporto all&#8217;internazionalizzazione delle imprese, servizi di assistenza agli enti locali e di networking. Le prime aperture previste sono, nei prossimi mesi, quelle di\u00a0Latina\u00a0e di Frosinone. Ogni Spazio Attivo sar\u00e0 quindi un punto di raccordo tra la Regione Lazio e la realt\u00e0 locale e ricomprender\u00e0 varie attivit\u00e0 trasversali che vanno dallo \u00abSportello Europa\u00bb, alle strutture per il lavoro \u00abPortaFuturo\u00bb, agli incubatori di imprese, anche innovative, ai FabLab e spazi di Coworking; a questo si aggiungeranno anche attivit\u00e0 per la partecipazione e l&#8217;animazione territoriale e per lo svolgimento di percorsi formativi. Saranno inoltre disponibili servizi di supporto all&#8217;internazionalizzazione delle imprese, servizi di assistenza agli enti locali e di networking. (in allegato la lista completa dei servizi attivabili nella rete degli Spazio Attivo).<\/p>\n<p style=\"text-align: justify;\">\n<p style=\"text-align: justify;\">Le prime aperture previste sono, nei prossimi mesi, quelle di\u00a0Latina\u00a0e Frosinone.<\/p>\n<p>Spazio Attivo servir\u00e0:<\/p>\n<p><strong>Startup<\/strong><\/p>\n<p style=\"text-align: justify;\">Per fornire orientamento, sostegno e assistenza oltre a supportare le neo aziende a sopravvivere e crescere durante un periodo in cui sono pi\u00f9 vulnerabili;<\/p>\n<p style=\"text-align: justify;\"><strong>Imprese e partite IVA<\/strong><\/p>\n<p style=\"text-align: justify;\">Per sostenere le imprese del territorio favorendo la collaborazione ed il networking, in particolare con le Startup. Spazio Attivo \u00e8 progettato per diventare fulcro nonch\u00e9 centro di animazione e snodo innovativo, creativo ed operativo per le imprese del Lazio al fine di accrescere e rafforzare la loro presenza sul mercato regionale, nazionale ed internazionale;<\/p>\n<p style=\"text-align: justify;\"><strong>Cittadini e Territorio<\/strong><\/p>\n<p style=\"text-align: justify;\">Per stimolare una mentalit\u00e0 partecipativa e innovativa tra i giovani quale motore per lo sviluppo del territorio; per informare i cittadini sulle opportunit\u00e0 europee, promuovere lo scambio di esperienze e facilitare gli incontri che promuovano l\u2019occupazione e la formazione;<\/p>\n<p style=\"text-align: justify;\"><strong>Enti locali<\/strong><\/p>\n<p style=\"text-align: justify;\">Per dialogare con enti pubblici e facilitare la diffusione di opportunit\u00e0 europee, nazionali e l\u2019integrazione di opportunit\u00e0 e competenze per lo sviluppo economico del sistema Lazio.<\/p>\n<p style=\"text-align: justify;\">Il primo Spazio attivo sar\u00e0 aperto a\u00a0Latina entro l\u2019estate; tra il 2015 e il 2016\u00a0Lazio Innova estender\u00e0 il progetto\u00a0anche agli altri incubatori regionali.<\/p>\n<p style=\"text-align: justify;\">Il\u00a010 marzo 2015 sono\u00a0stati inoltre istituiti\u00a0gli\u00a0<strong>Sportelli Donna Forza 8\u00a0<\/strong>dedicati allo stimolo, al supporto e alla valorizzazione dell\u2019imprenditoria femminile. Gli\u00a0sportelli saranno operativi all\u2019interno degli Spazi Attivi. Loro obiettivo \u00e8 mettere a disposizione\u00a0l\u2019intero panorama delle opportunit\u00e0 offerte dalla programmazione regionale, nazionale e comunitaria alle imprese che appartengono a o sono gestite da donne.<\/p>\n","protected":false},"excerpt":{"rendered":"<p>LATINA &#8211;\u00a0Al via il progetto regionale della Rete Spazio Attivo, il network di hub regionali per i servizi ai cittadini e alle imprese che vedranno la luce a partire dall&#8217;autunno in tutte le province del Lazio. Lo afferma la Regione Lazio precisando che la Giunta ha approvato la delibera che definisce compiti, obiettivi e funzioni [&hellip;]<\/p>\n","protected":false},"author":62,"featured_media":167122,"comment_status":"open","ping_status":"closed","sticky":false,"template":"","format":"standard","meta":{"footnotes":""},"categories":[11],"tags":[],"class_list":["post-167117","post","type-post","status-publish","format-standard","has-post-thumbnail","hentry","category-economia"],"_links":{"self":[{"href":"https:\/\/www.radioluna.it\/news\/wp-json\/wp\/v2\/posts\/167117","targetHints":{"allow":["GET"]}}],"collection":[{"href":"https:\/\/www.radioluna.it\/news\/wp-json\/wp\/v2\/posts"}],"about":[{"href":"https:\/\/www.radioluna.it\/news\/wp-json\/wp\/v2\/types\/post"}],"author":[{"embeddable":true,"href":"https:\/\/www.radioluna.it\/news\/wp-json\/wp\/v2\/users\/62"}],"replies":[{"embeddable":true,"href":"https:\/\/www.radioluna.it\/news\/wp-json\/wp\/v2\/comments?post=167117"}],"version-history":[{"count":0,"href":"https:\/\/www.radioluna.it\/news\/wp-json\/wp\/v2\/posts\/167117\/revisions"}],"wp:featuredmedia":[{"embeddable":true,"href":"https:\/\/www.radioluna.it\/news\/wp-json\/wp\/v2\/media\/167122"}],"wp:attachment":[{"href":"https:\/\/www.radioluna.it\/news\/wp-json\/wp\/v2\/media?parent=167117"}],"wp:term":[{"taxonomy":"category","embeddable":true,"href":"https:\/\/www.radioluna.it\/news\/wp-json\/wp\/v2\/categories?post=167117"},{"taxonomy":"post_tag","embeddable":true,"href":"https:\/\/www.radioluna.it\/news\/wp-json\/wp\/v2\/tags?post=167117"}],"curies":[{"name":"wp","href":"https:\/\/api.w.org\/{rel}","templated":true}]}}