{"id":167126,"date":"2015-08-03T12:13:26","date_gmt":"2015-08-03T10:13:26","guid":{"rendered":"http:\/\/www.radioluna.it\/news\/?p=167126"},"modified":"2015-08-03T12:16:04","modified_gmt":"2015-08-03T10:16:04","slug":"tech-start-up-latina-presenta-spazio-attivo","status":"publish","type":"post","link":"https:\/\/www.radioluna.it\/news\/2015\/08\/tech-start-up-latina-presenta-spazio-attivo\/","title":{"rendered":"Tech Start up Latina presenta Spazio Attivo"},"content":{"rendered":"<div id=\"fb-root\"><\/div>\n<div id=\"attachment_156526\" style=\"width: 209px\" class=\"wp-caption alignright\"><a href=\"http:\/\/www.radioluna.it\/news\/wp-content\/uploads\/2014\/10\/torre-pontina-di-giorno.jpg\"><img loading=\"lazy\" decoding=\"async\" aria-describedby=\"caption-attachment-156526\" class=\"size-medium wp-image-156526\" src=\"http:\/\/www.radioluna.it\/news\/wp-content\/uploads\/2014\/10\/torre-pontina-di-giorno-199x300.jpg\" alt=\"L'appuntamento al 34\u00b0 piano della Torre Pontina\" width=\"199\" height=\"300\" \/><\/a><p id=\"caption-attachment-156526\" class=\"wp-caption-text\">L&#8217;appuntamento al 34\u00b0 piano della Torre Pontina<\/p><\/div>\n<p style=\"text-align: justify;\"><strong>LATINA<\/strong> &#8211; Secondo appuntamento con Tech Startup Latina, il \u00a0meeting dedicato ai pontini che lavorano nel settore IT e alle imprese del settore presenti sul territorio pontino. \u00a0Domani, marted\u00ec 4 agosto, dalle ore 18.30 presso gli spazi al 34esimo piano della Torre Pontina, con ingresso gratuito, si terr\u00e0 il secondo appuntamento e sar\u00e0 un\u2019occasione speciale perch\u00e9 verr\u00e0 presentato ufficialmente Spazio Attivo, il primo incubatore \u00a0pontino che sar\u00e0 ospitato presso la sede di Latina della Bic Lazio in via Carlo Alberto. Spazio Attivo supporta le attivit\u00e0 indirizzate alla creazione di nuove imprese technology based e facilita le relazioni e le azioni tra gli attori del sistema imprenditoriale e scientifico locale, grazie a un sistema di conoscenze e relazioni consolidato nel corso degli anni.<\/p>\n<p style=\"text-align: justify;\">A coordinare il Meetup TechStartup Latina \u00e8 Antonio Fabrizio cofondatore e \u00a0ceo di faStyle, la piattaforma di booking dedicata ai professionisti della bellezza nata a Latina con sede anche a Londra. Dopo i saluti iniziali, si passer\u00e0 agli speech che vedranno protagonisti Valentina Di Marco, ceo e co-founder di Keep&amp;Rate \u201ccerca &#8211; prenota &#8211; recensisci, la risposta a qualsiasi bisogno e recensioni sicure a portata di click!\u201d; \u00a0Andrea Aiello ceo e co-founder di RadiologiCasa \u201cla radiologia a casa tua\u201d; Massimiliano Castellana co-founder di RestoPick \u201cprenota il tuo ristorante in un click!\u201d; Fabio Cima, founder e ceo di SmartArancio.com \u201cun nuovo modo di ottimizzare il processo di produzione in ambito agricolo\u201d. Quindi sar\u00e0 la volta dell\u2019ospite speciale Massimo Antonucci della Bic Lazio che sveler\u00e0 tutti i dettagli di Spazio Attivo.<\/p>\n<p style=\"text-align: justify;\">Terminata la presentazione dei quattro progetti, seguir\u00e0 il classico networking e drink per mettere a confronto tra loro tutti i partecipanti. Si pronostica la presenza di quasi 100 persone, tra le quali programmatori che lavorano in aziende estere che hanno deciso di rientrare nella loro citt\u00e0 natale per dare il proprio contributo e condividere la propria esperienza.<\/p>\n<p style=\"text-align: justify;\">Per ulteriori informazioni si pu\u00f2 \u00a0visitare la pagina dedicata http:\/\/www.meetup.com\/Latina- Startup-Meetup\/ oppure chiamare il numero 342.9042156 (Antonio Fabrizio).<\/p>\n","protected":false},"excerpt":{"rendered":"<p>LATINA &#8211; Secondo appuntamento con Tech Startup Latina, il \u00a0meeting dedicato ai pontini che lavorano nel settore IT e alle imprese del settore presenti sul territorio pontino. \u00a0Domani, marted\u00ec 4 agosto, dalle ore 18.30 presso gli spazi al 34esimo piano della Torre Pontina, con ingresso gratuito, si terr\u00e0 il secondo appuntamento e sar\u00e0 un\u2019occasione speciale [&hellip;]<\/p>\n","protected":false},"author":62,"featured_media":156526,"comment_status":"open","ping_status":"closed","sticky":false,"template":"","format":"standard","meta":{"footnotes":""},"categories":[11],"tags":[],"class_list":["post-167126","post","type-post","status-publish","format-standard","has-post-thumbnail","hentry","category-economia"],"_links":{"self":[{"href":"https:\/\/www.radioluna.it\/news\/wp-json\/wp\/v2\/posts\/167126","targetHints":{"allow":["GET"]}}],"collection":[{"href":"https:\/\/www.radioluna.it\/news\/wp-json\/wp\/v2\/posts"}],"about":[{"href":"https:\/\/www.radioluna.it\/news\/wp-json\/wp\/v2\/types\/post"}],"author":[{"embeddable":true,"href":"https:\/\/www.radioluna.it\/news\/wp-json\/wp\/v2\/users\/62"}],"replies":[{"embeddable":true,"href":"https:\/\/www.radioluna.it\/news\/wp-json\/wp\/v2\/comments?post=167126"}],"version-history":[{"count":0,"href":"https:\/\/www.radioluna.it\/news\/wp-json\/wp\/v2\/posts\/167126\/revisions"}],"wp:featuredmedia":[{"embeddable":true,"href":"https:\/\/www.radioluna.it\/news\/wp-json\/wp\/v2\/media\/156526"}],"wp:attachment":[{"href":"https:\/\/www.radioluna.it\/news\/wp-json\/wp\/v2\/media?parent=167126"}],"wp:term":[{"taxonomy":"category","embeddable":true,"href":"https:\/\/www.radioluna.it\/news\/wp-json\/wp\/v2\/categories?post=167126"},{"taxonomy":"post_tag","embeddable":true,"href":"https:\/\/www.radioluna.it\/news\/wp-json\/wp\/v2\/tags?post=167126"}],"curies":[{"name":"wp","href":"https:\/\/api.w.org\/{rel}","templated":true}]}}