{"id":167456,"date":"2015-08-11T11:47:15","date_gmt":"2015-08-11T09:47:15","guid":{"rendered":"http:\/\/www.radioluna.it\/news\/?p=167456"},"modified":"2015-08-12T08:18:21","modified_gmt":"2015-08-12T06:18:21","slug":"al-francioni-amichevole-di-ferragosto-contro-il-napoli","status":"publish","type":"post","link":"https:\/\/www.radioluna.it\/news\/2015\/08\/al-francioni-amichevole-di-ferragosto-contro-il-napoli\/","title":{"rendered":"Al Francioni amichevole di Ferragosto contro il Napoli"},"content":{"rendered":"<div id=\"fb-root\"><\/div>\n<div id=\"attachment_167457\" style=\"width: 645px\" class=\"wp-caption aligncenter\"><a href=\"http:\/\/www.radioluna.it\/news\/wp-content\/uploads\/2015\/08\/allenamenti-750x400.jpg\"><img loading=\"lazy\" decoding=\"async\" aria-describedby=\"caption-attachment-167457\" class=\"size-thumbnail wp-image-167457\" src=\"http:\/\/www.radioluna.it\/news\/wp-content\/uploads\/2015\/08\/allenamenti-750x400-635x339.jpg\" alt=\"Allenamenti al Francioni (foto Us Latina Calcio)\" width=\"635\" height=\"339\" srcset=\"https:\/\/www.radioluna.it\/news\/wp-content\/uploads\/2015\/08\/allenamenti-750x400-635x339.jpg 635w, https:\/\/www.radioluna.it\/news\/wp-content\/uploads\/2015\/08\/allenamenti-750x400-500x267.jpg 500w, https:\/\/www.radioluna.it\/news\/wp-content\/uploads\/2015\/08\/allenamenti-750x400-300x160.jpg 300w, https:\/\/www.radioluna.it\/news\/wp-content\/uploads\/2015\/08\/allenamenti-750x400.jpg 750w\" sizes=\"auto, (max-width: 635px) 100vw, 635px\" \/><\/a><p id=\"caption-attachment-167457\" class=\"wp-caption-text\">Allenamenti al Francioni (foto Us Latina Calcio)<\/p><\/div>\n<p>&nbsp;<\/p>\n<p style=\"text-align: justify;\"><strong>LATINA<\/strong> &#8211; Amichevole di lusso tra Latina e Napoli. Venerd\u00ec 14 agosto al Francioni (alle\u00a020.30) il Latina affronter\u00e0 in amichevole la squadra guidata da Maurizio Sarri. La gara \u00e8 stata organizzata dai due club in collaborazione con la Media Sport Event del dottor Gianni Lacch\u00e8.\u00a0Dopo la riunione del GOS in programma a mezzogiorno in Questura la societ\u00e0 comunicher\u00e0 le modalit\u00e0 della vendita dei biglietti.<\/p>\n<p style=\"text-align: justify;\">IL PROGRAMMA DEGLI ALLENAMENTI &#8211; Intanto sono ripresi gli allenamenti dopo l&#8217;uscita di scena dalla Tim Cup. La settimana lavorativa prevede tre giorni di allenamento all\u2019Ex Fulgorcavi: oggi pomeriggio, mercoled\u00ec doppia seduta (ore 9.30 e ore 18), gioved\u00ec (ore 18). Venerd\u00ec c\u2019\u00e8 in programma l\u2019amichevole contro il Napoli. Sabato e domenica riposo. Luned\u00ec 17 agosto si riprender\u00e0 con una seduta pomeridiana all\u2019ex Fulgorcavi (ore 18).<\/p>\n<div class=\"radio-posizionamento-telefono-in-articoli-dopo-il-contenuto-articolo radio-entity-placement\" id=\"radio-677244472\"><div id=\"radio-1678272425\" style=\"width: 300px;height: 250px;\"><a href=\"https:\/\/www.icarspa.it\/auto\/usate\/latina\/\" aria-label=\"banner aprile icar new life &#8211; auto usate latina\"><img loading=\"lazy\" decoding=\"async\" src=\"https:\/\/www.radioluna.it\/news\/wp-content\/uploads\/2026\/02\/banner-aprile-icar-new-life-auto-usate-latina.gif\" alt=\"\"  width=\"300\" height=\"250\"   \/><\/a><\/div><\/div>","protected":false},"excerpt":{"rendered":"<p>&nbsp; LATINA &#8211; Amichevole di lusso tra Latina e Napoli. Venerd\u00ec 14 agosto al Francioni (alle\u00a020.30) il Latina affronter\u00e0 in amichevole la squadra guidata da Maurizio Sarri. La gara \u00e8 stata organizzata dai due club in collaborazione con la Media Sport Event del dottor Gianni Lacch\u00e8.\u00a0Dopo la riunione del GOS in programma a mezzogiorno in [&hellip;]<\/p>\n","protected":false},"author":62,"featured_media":167457,"comment_status":"open","ping_status":"closed","sticky":false,"template":"","format":"standard","meta":{"footnotes":""},"categories":[17],"tags":[],"class_list":["post-167456","post","type-post","status-publish","format-standard","has-post-thumbnail","hentry","category-sport"],"_links":{"self":[{"href":"https:\/\/www.radioluna.it\/news\/wp-json\/wp\/v2\/posts\/167456","targetHints":{"allow":["GET"]}}],"collection":[{"href":"https:\/\/www.radioluna.it\/news\/wp-json\/wp\/v2\/posts"}],"about":[{"href":"https:\/\/www.radioluna.it\/news\/wp-json\/wp\/v2\/types\/post"}],"author":[{"embeddable":true,"href":"https:\/\/www.radioluna.it\/news\/wp-json\/wp\/v2\/users\/62"}],"replies":[{"embeddable":true,"href":"https:\/\/www.radioluna.it\/news\/wp-json\/wp\/v2\/comments?post=167456"}],"version-history":[{"count":0,"href":"https:\/\/www.radioluna.it\/news\/wp-json\/wp\/v2\/posts\/167456\/revisions"}],"wp:featuredmedia":[{"embeddable":true,"href":"https:\/\/www.radioluna.it\/news\/wp-json\/wp\/v2\/media\/167457"}],"wp:attachment":[{"href":"https:\/\/www.radioluna.it\/news\/wp-json\/wp\/v2\/media?parent=167456"}],"wp:term":[{"taxonomy":"category","embeddable":true,"href":"https:\/\/www.radioluna.it\/news\/wp-json\/wp\/v2\/categories?post=167456"},{"taxonomy":"post_tag","embeddable":true,"href":"https:\/\/www.radioluna.it\/news\/wp-json\/wp\/v2\/tags?post=167456"}],"curies":[{"name":"wp","href":"https:\/\/api.w.org\/{rel}","templated":true}]}}