{"id":167633,"date":"2015-08-17T19:31:22","date_gmt":"2015-08-17T17:31:22","guid":{"rendered":"http:\/\/www.radioluna.it\/news\/?p=167633"},"modified":"2015-08-17T19:31:22","modified_gmt":"2015-08-17T17:31:22","slug":"lente-parco-nazionale-del-circeo-allexpo-milano","status":"publish","type":"post","link":"https:\/\/www.radioluna.it\/news\/2015\/08\/lente-parco-nazionale-del-circeo-allexpo-milano\/","title":{"rendered":"L\u2019Ente Parco Nazionale del Circeo all&#8217;Expo Milano"},"content":{"rendered":"<div id=\"fb-root\"><\/div>\n<div id=\"attachment_123473\" style=\"width: 160px\" class=\"wp-caption alignleft\"><a href=\"http:\/\/www.radioluna.it\/news\/wp-content\/uploads\/2012\/07\/parco-nazionale-del-circeo-760.jpg\"><img loading=\"lazy\" decoding=\"async\" aria-describedby=\"caption-attachment-123473\" class=\"size-thumbnail wp-image-123473\" src=\"http:\/\/www.radioluna.it\/news\/wp-content\/uploads\/2012\/07\/parco-nazionale-del-circeo-760-150x150.jpg\" alt=\"L'ingresso del centro visitatori del Parco nazionale del Circeo\" width=\"150\" height=\"150\" srcset=\"https:\/\/www.radioluna.it\/news\/wp-content\/uploads\/2012\/07\/parco-nazionale-del-circeo-760-150x150.jpg 150w, https:\/\/www.radioluna.it\/news\/wp-content\/uploads\/2012\/07\/parco-nazionale-del-circeo-760-300x300.jpg 300w, https:\/\/www.radioluna.it\/news\/wp-content\/uploads\/2012\/07\/parco-nazionale-del-circeo-760-50x50.jpg 50w, https:\/\/www.radioluna.it\/news\/wp-content\/uploads\/2012\/07\/parco-nazionale-del-circeo-760-80x80.jpg 80w\" sizes=\"auto, (max-width: 150px) 100vw, 150px\" \/><\/a><p id=\"caption-attachment-123473\" class=\"wp-caption-text\">L&#8217;ingresso del centro visitatori del Parco nazionale del Circeo<\/p><\/div>\n<p><strong>SABAUDIA<\/strong> &#8211;\u00a0L\u2019Ente Parco Nazionale del Circeo sar\u00e0 presente ad Expo Milano da venerd\u00ec 21 a gioved\u00ec 27 agosto presso il padiglione Bio-Parks. Per l\u2019occasione sar\u00e0 inaugurata presso il museo interamente restaurato del Centro Visitatori del Parco una mostra che illustra il significato internazionale del riconoscimento MAB UNESCO.<\/p>\n","protected":false},"excerpt":{"rendered":"<p>SABAUDIA &#8211;\u00a0L\u2019Ente Parco Nazionale del Circeo sar\u00e0 presente ad Expo Milano da venerd\u00ec 21 a gioved\u00ec 27 agosto presso il padiglione Bio-Parks. Per l\u2019occasione sar\u00e0 inaugurata presso il museo interamente restaurato del Centro Visitatori del Parco una mostra che illustra il significato internazionale del riconoscimento MAB UNESCO.<\/p>\n","protected":false},"author":60,"featured_media":123473,"comment_status":"open","ping_status":"closed","sticky":false,"template":"","format":"standard","meta":{"footnotes":""},"categories":[12],"tags":[],"class_list":["post-167633","post","type-post","status-publish","format-standard","has-post-thumbnail","hentry","category-ambiente"],"_links":{"self":[{"href":"https:\/\/www.radioluna.it\/news\/wp-json\/wp\/v2\/posts\/167633","targetHints":{"allow":["GET"]}}],"collection":[{"href":"https:\/\/www.radioluna.it\/news\/wp-json\/wp\/v2\/posts"}],"about":[{"href":"https:\/\/www.radioluna.it\/news\/wp-json\/wp\/v2\/types\/post"}],"author":[{"embeddable":true,"href":"https:\/\/www.radioluna.it\/news\/wp-json\/wp\/v2\/users\/60"}],"replies":[{"embeddable":true,"href":"https:\/\/www.radioluna.it\/news\/wp-json\/wp\/v2\/comments?post=167633"}],"version-history":[{"count":0,"href":"https:\/\/www.radioluna.it\/news\/wp-json\/wp\/v2\/posts\/167633\/revisions"}],"wp:featuredmedia":[{"embeddable":true,"href":"https:\/\/www.radioluna.it\/news\/wp-json\/wp\/v2\/media\/123473"}],"wp:attachment":[{"href":"https:\/\/www.radioluna.it\/news\/wp-json\/wp\/v2\/media?parent=167633"}],"wp:term":[{"taxonomy":"category","embeddable":true,"href":"https:\/\/www.radioluna.it\/news\/wp-json\/wp\/v2\/categories?post=167633"},{"taxonomy":"post_tag","embeddable":true,"href":"https:\/\/www.radioluna.it\/news\/wp-json\/wp\/v2\/tags?post=167633"}],"curies":[{"name":"wp","href":"https:\/\/api.w.org\/{rel}","templated":true}]}}