{"id":167768,"date":"2015-08-20T19:31:55","date_gmt":"2015-08-20T17:31:55","guid":{"rendered":"http:\/\/www.radioluna.it\/news\/?p=167768"},"modified":"2015-08-20T19:31:55","modified_gmt":"2015-08-20T17:31:55","slug":"monticchio-verso-listituzione-di-un-monumento-naturale","status":"publish","type":"post","link":"https:\/\/www.radioluna.it\/news\/2015\/08\/monticchio-verso-listituzione-di-un-monumento-naturale\/","title":{"rendered":"Monticchio verso l&#8217;istituzione di un Monumento naturale"},"content":{"rendered":"<div id=\"fb-root\"><\/div>\n<p><strong><a href=\"http:\/\/www.radioluna.it\/news\/wp-content\/uploads\/2015\/08\/MONTICCHIO_locandina_mostra_agosto_2015.jpg\"><img loading=\"lazy\" decoding=\"async\" class=\"aligncenter size-thumbnail wp-image-167769\" src=\"http:\/\/www.radioluna.it\/news\/wp-content\/uploads\/2015\/08\/MONTICCHIO_locandina_mostra_agosto_2015-635x434.jpg\" alt=\"MONTICCHIO_locandina_mostra_agosto_2015\" width=\"635\" height=\"434\" srcset=\"https:\/\/www.radioluna.it\/news\/wp-content\/uploads\/2015\/08\/MONTICCHIO_locandina_mostra_agosto_2015-635x434.jpg 635w, https:\/\/www.radioluna.it\/news\/wp-content\/uploads\/2015\/08\/MONTICCHIO_locandina_mostra_agosto_2015-768x525.jpg 768w, https:\/\/www.radioluna.it\/news\/wp-content\/uploads\/2015\/08\/MONTICCHIO_locandina_mostra_agosto_2015-500x342.jpg 500w, https:\/\/www.radioluna.it\/news\/wp-content\/uploads\/2015\/08\/MONTICCHIO_locandina_mostra_agosto_2015-300x205.jpg 300w, https:\/\/www.radioluna.it\/news\/wp-content\/uploads\/2015\/08\/MONTICCHIO_locandina_mostra_agosto_2015-1024x700.jpg 1024w, https:\/\/www.radioluna.it\/news\/wp-content\/uploads\/2015\/08\/MONTICCHIO_locandina_mostra_agosto_2015-800x547.jpg 800w, https:\/\/www.radioluna.it\/news\/wp-content\/uploads\/2015\/08\/MONTICCHIO_locandina_mostra_agosto_2015.jpg 1000w\" sizes=\"auto, (max-width: 635px) 100vw, 635px\" \/><\/a><\/strong><\/p>\n<p style=\"text-align: justify;\"><strong>SERMONETA<\/strong> \u2013\u00a0\u201cPietra, acqua&#8230; verso il Monumento Naturale del Monticchio\u201d \u00e8 il titolo della mostra\u00a0fotografica e documentaria allestita a Palazzo Caetani, dal 28 agosto al 6 settembre.<\/p>\n<p style=\"text-align: justify;\">La mostra \u00e8 organizzata dalla Sezione di Latina di Italia Nostra, in collaborazione con il Comune di Sermoneta e presenta le caratteristiche storiche, naturalistiche, geomorfologiche, faunistiche dell\u2019area del Monticchio, dove, alle falde della collina, erosa dalla cava aperta sin dai primi anni &#8217;20 del secolo scorso, ad eccezione del malfermo sperone di roccia calcarea, sul quale ha resistito la duecentesca Torre, si \u00e8 formata, nei decenni trascorsi, una rigogliosa macchia, agevolata dalla presenza di molte sorgenti.<\/p>\n<p style=\"text-align: justify;\">Un&#8217;area che necessita oggi di una forma di tutela pi\u00f9 forte rispetto al passato, anche alla luce dell&#8217;inserimento di Monticchio tra i Geositi del Lazio. Proprio in questa direzione si \u00e8 mossa la Sezione di Latina di Italia Nostra. Dalle riunioni tenutesi presso l&#8217;amministrazione comunale \u00e8 emerso infatti, l&#8217;interesse all&#8217;istituzione di un Monumento Naturale, con una relazione che sar\u00f2 inoltrata a breve alla Regione Lazio. All&#8217;inaugurazione parteciperanno il Sindaco di Sermoneta, Claudio Damiano, Antonio Magaudda, Presidente della Sezione di Latina di Italia Nostra, Giancarlo Bovina, geologo, Stefano Cresta, responsabile dell\u2019Area biodiversit\u00e0 e geodiversit\u00e0 dell\u2019Agenzia Regionale dei Parchi.<\/p>\n","protected":false},"excerpt":{"rendered":"<p>SERMONETA \u2013\u00a0\u201cPietra, acqua&#8230; verso il Monumento Naturale del Monticchio\u201d \u00e8 il titolo della mostra\u00a0fotografica e documentaria allestita a Palazzo Caetani, dal 28 agosto al 6 settembre. La mostra \u00e8 organizzata dalla Sezione di Latina di Italia Nostra, in collaborazione con il Comune di Sermoneta e presenta le caratteristiche storiche, naturalistiche, geomorfologiche, faunistiche dell\u2019area del Monticchio, [&hellip;]<\/p>\n","protected":false},"author":60,"featured_media":167769,"comment_status":"open","ping_status":"closed","sticky":false,"template":"","format":"standard","meta":{"footnotes":""},"categories":[12,16,15],"tags":[],"class_list":["post-167768","post","type-post","status-publish","format-standard","has-post-thumbnail","hentry","category-ambiente","category-appuntamenti","category-cultura"],"_links":{"self":[{"href":"https:\/\/www.radioluna.it\/news\/wp-json\/wp\/v2\/posts\/167768","targetHints":{"allow":["GET"]}}],"collection":[{"href":"https:\/\/www.radioluna.it\/news\/wp-json\/wp\/v2\/posts"}],"about":[{"href":"https:\/\/www.radioluna.it\/news\/wp-json\/wp\/v2\/types\/post"}],"author":[{"embeddable":true,"href":"https:\/\/www.radioluna.it\/news\/wp-json\/wp\/v2\/users\/60"}],"replies":[{"embeddable":true,"href":"https:\/\/www.radioluna.it\/news\/wp-json\/wp\/v2\/comments?post=167768"}],"version-history":[{"count":0,"href":"https:\/\/www.radioluna.it\/news\/wp-json\/wp\/v2\/posts\/167768\/revisions"}],"wp:featuredmedia":[{"embeddable":true,"href":"https:\/\/www.radioluna.it\/news\/wp-json\/wp\/v2\/media\/167769"}],"wp:attachment":[{"href":"https:\/\/www.radioluna.it\/news\/wp-json\/wp\/v2\/media?parent=167768"}],"wp:term":[{"taxonomy":"category","embeddable":true,"href":"https:\/\/www.radioluna.it\/news\/wp-json\/wp\/v2\/categories?post=167768"},{"taxonomy":"post_tag","embeddable":true,"href":"https:\/\/www.radioluna.it\/news\/wp-json\/wp\/v2\/tags?post=167768"}],"curies":[{"name":"wp","href":"https:\/\/api.w.org\/{rel}","templated":true}]}}