{"id":167889,"date":"2015-08-25T16:25:51","date_gmt":"2015-08-25T14:25:51","guid":{"rendered":"http:\/\/www.radioluna.it\/news\/?p=167889"},"modified":"2015-08-26T16:10:13","modified_gmt":"2015-08-26T14:10:13","slug":"due-gravi-incidenti-stradali-a-roccagorga-e-pomezia-un-morto-e-un-ferito","status":"publish","type":"post","link":"https:\/\/www.radioluna.it\/news\/2015\/08\/due-gravi-incidenti-stradali-a-roccagorga-e-pomezia-un-morto-e-un-ferito\/","title":{"rendered":"L&#8217;Ape finisce fuori strada, si ribalta e si incendia, gravissimo un uomo a Roccagorga"},"content":{"rendered":"<div id=\"fb-root\"><\/div>\n<p style=\"text-align: justify;\"><strong><a href=\"http:\/\/www.radioluna.it\/news\/wp-content\/uploads\/2014\/12\/118-elicottero-in-pista-al-goretti.jpg\"><img loading=\"lazy\" decoding=\"async\" class=\"aligncenter size-thumbnail wp-image-158673\" src=\"http:\/\/www.radioluna.it\/news\/wp-content\/uploads\/2014\/12\/118-elicottero-in-pista-al-goretti-635x476.jpg\" alt=\"118 elicottero in pista al goretti\" width=\"635\" height=\"476\" srcset=\"https:\/\/www.radioluna.it\/news\/wp-content\/uploads\/2014\/12\/118-elicottero-in-pista-al-goretti-635x476.jpg 635w, https:\/\/www.radioluna.it\/news\/wp-content\/uploads\/2014\/12\/118-elicottero-in-pista-al-goretti-768x576.jpg 768w, https:\/\/www.radioluna.it\/news\/wp-content\/uploads\/2014\/12\/118-elicottero-in-pista-al-goretti-500x375.jpg 500w, https:\/\/www.radioluna.it\/news\/wp-content\/uploads\/2014\/12\/118-elicottero-in-pista-al-goretti-300x225.jpg 300w, https:\/\/www.radioluna.it\/news\/wp-content\/uploads\/2014\/12\/118-elicottero-in-pista-al-goretti-1024x768.jpg 1024w, https:\/\/www.radioluna.it\/news\/wp-content\/uploads\/2014\/12\/118-elicottero-in-pista-al-goretti-800x600.jpg 800w, https:\/\/www.radioluna.it\/news\/wp-content\/uploads\/2014\/12\/118-elicottero-in-pista-al-goretti.jpg 1000w\" sizes=\"auto, (max-width: 635px) 100vw, 635px\" \/><\/a>ROCCAGORGA<\/strong> \u00a0&#8211; Un grave incidente stradale si \u00e8 verificato a Roccagorga dove un&#8217;Ape Piaggio con due uomini a bordo \u00e8 uscita di strada ribaltandosi e ha preso fuoco. Il conducente \u00e8 stato trasferito al San Camillo di Roma con l&#8217;eliambulanza, in condizioni molto critiche. Ferito anche l&#8217; amico che era con lui. L&#8217;incidente si \u00e8 verificato con ogni probabilit\u00e0 per un cattivo funzionamento dei freni. Sul posto con il 118 sono intervenuti i vigili del fuoco che hanno spento le fiamme che avvolgevano il veicolo.<\/p>\n<p style=\"text-align: justify;\"><b><\/b><strong>A POMEZIA \u00a0<\/strong>&#8211; Tragico incidente a Pomezia, sulla Via Del Mare, dove un anziano \u00e8 morto questa mattina investito da un pullman del Cotral nei pressi di un attraversamento pedonale. Sul posto ha svolto i rilievi la polizia stradale che dovr\u00e0 ricostruire la dinamica, e accertamenti sono stati svolti anche dai tecnici dell\u2019azienda di trasporto . &#8220;Una commissione interna di inchiesta verificher\u00e0 quanto accaduto&#8221;, spiega in una nota Cotral Spa esprimendo profondo cordoglio alla famiglia della vittima.<\/p>\n","protected":false},"excerpt":{"rendered":"<p>ROCCAGORGA \u00a0&#8211; Un grave incidente stradale si \u00e8 verificato a Roccagorga dove un&#8217;Ape Piaggio con due uomini a bordo \u00e8 uscita di strada ribaltandosi e ha preso fuoco. Il conducente \u00e8 stato trasferito al San Camillo di Roma con l&#8217;eliambulanza, in condizioni molto critiche. Ferito anche l&#8217; amico che era con lui. L&#8217;incidente si \u00e8 [&hellip;]<\/p>\n","protected":false},"author":62,"featured_media":158673,"comment_status":"open","ping_status":"closed","sticky":false,"template":"","format":"standard","meta":{"footnotes":""},"categories":[7],"tags":[],"class_list":["post-167889","post","type-post","status-publish","format-standard","has-post-thumbnail","hentry","category-cronaca"],"_links":{"self":[{"href":"https:\/\/www.radioluna.it\/news\/wp-json\/wp\/v2\/posts\/167889","targetHints":{"allow":["GET"]}}],"collection":[{"href":"https:\/\/www.radioluna.it\/news\/wp-json\/wp\/v2\/posts"}],"about":[{"href":"https:\/\/www.radioluna.it\/news\/wp-json\/wp\/v2\/types\/post"}],"author":[{"embeddable":true,"href":"https:\/\/www.radioluna.it\/news\/wp-json\/wp\/v2\/users\/62"}],"replies":[{"embeddable":true,"href":"https:\/\/www.radioluna.it\/news\/wp-json\/wp\/v2\/comments?post=167889"}],"version-history":[{"count":0,"href":"https:\/\/www.radioluna.it\/news\/wp-json\/wp\/v2\/posts\/167889\/revisions"}],"wp:featuredmedia":[{"embeddable":true,"href":"https:\/\/www.radioluna.it\/news\/wp-json\/wp\/v2\/media\/158673"}],"wp:attachment":[{"href":"https:\/\/www.radioluna.it\/news\/wp-json\/wp\/v2\/media?parent=167889"}],"wp:term":[{"taxonomy":"category","embeddable":true,"href":"https:\/\/www.radioluna.it\/news\/wp-json\/wp\/v2\/categories?post=167889"},{"taxonomy":"post_tag","embeddable":true,"href":"https:\/\/www.radioluna.it\/news\/wp-json\/wp\/v2\/tags?post=167889"}],"curies":[{"name":"wp","href":"https:\/\/api.w.org\/{rel}","templated":true}]}}