{"id":167904,"date":"2015-08-26T08:10:25","date_gmt":"2015-08-26T06:10:25","guid":{"rendered":"http:\/\/www.radioluna.it\/news\/?p=167904"},"modified":"2015-08-26T16:07:02","modified_gmt":"2015-08-26T14:07:02","slug":"violentata-ai-giardinetti-la-denuncia-di-una-donna","status":"publish","type":"post","link":"https:\/\/www.radioluna.it\/news\/2015\/08\/violentata-ai-giardinetti-la-denuncia-di-una-donna\/","title":{"rendered":"Violentata ai Giardinetti, la denuncia di una donna"},"content":{"rendered":"<div id=\"fb-root\"><\/div>\n<div id=\"attachment_137257\" style=\"width: 160px\" class=\"wp-caption alignleft\"><a href=\"http:\/\/www.radioluna.it\/news\/wp-content\/uploads\/2013\/06\/giardini-comunali.jpg\"><img loading=\"lazy\" decoding=\"async\" aria-describedby=\"caption-attachment-137257\" class=\"size-thumbnail wp-image-137257\" src=\"http:\/\/www.radioluna.it\/news\/wp-content\/uploads\/2013\/06\/giardini-comunali-150x150.jpg\" alt=\"I giardini pubblici di Latina\" width=\"150\" height=\"150\" \/><\/a><p id=\"caption-attachment-137257\" class=\"wp-caption-text\">I giardini pubblici di Latina<\/p><\/div>\n<p style=\"text-align: justify;\"><strong>LATINA<\/strong> &#8211;\u00a0Ha raccontato di essere stata violentata nel Parco Comunale di Latina, la vittima dei presunti abusi \u00e8 una donna romena di 37 anni che ieri ha chiamato la sala operativa del 113: \u00a0all&#8217;arrivo degli agenti la donna era sotto l&#8217;effetto dell&#8217;alcol e ha raccontato di essere stata aggredita e di aver avuto un rapporto sessuale contro la sua volont\u00e0 con uno straniero, un connazionale che \u00e8 scappato ed \u00e8 ricercato dalla Squadra Mobile che ha raccolto una descrizione molto dettagliata dell&#8217;uomo. La notizia \u00e8 riportata da Latina Oggi.<\/p>\n","protected":false},"excerpt":{"rendered":"<p>LATINA &#8211;\u00a0Ha raccontato di essere stata violentata nel Parco Comunale di Latina, la vittima dei presunti abusi \u00e8 una donna romena di 37 anni che ieri ha chiamato la sala operativa del 113: \u00a0all&#8217;arrivo degli agenti la donna era sotto l&#8217;effetto dell&#8217;alcol e ha raccontato di essere stata aggredita e di aver avuto un rapporto [&hellip;]<\/p>\n","protected":false},"author":60,"featured_media":0,"comment_status":"open","ping_status":"closed","sticky":false,"template":"","format":"standard","meta":{"footnotes":""},"categories":[7],"tags":[],"class_list":["post-167904","post","type-post","status-publish","format-standard","hentry","category-cronaca"],"_links":{"self":[{"href":"https:\/\/www.radioluna.it\/news\/wp-json\/wp\/v2\/posts\/167904","targetHints":{"allow":["GET"]}}],"collection":[{"href":"https:\/\/www.radioluna.it\/news\/wp-json\/wp\/v2\/posts"}],"about":[{"href":"https:\/\/www.radioluna.it\/news\/wp-json\/wp\/v2\/types\/post"}],"author":[{"embeddable":true,"href":"https:\/\/www.radioluna.it\/news\/wp-json\/wp\/v2\/users\/60"}],"replies":[{"embeddable":true,"href":"https:\/\/www.radioluna.it\/news\/wp-json\/wp\/v2\/comments?post=167904"}],"version-history":[{"count":0,"href":"https:\/\/www.radioluna.it\/news\/wp-json\/wp\/v2\/posts\/167904\/revisions"}],"wp:attachment":[{"href":"https:\/\/www.radioluna.it\/news\/wp-json\/wp\/v2\/media?parent=167904"}],"wp:term":[{"taxonomy":"category","embeddable":true,"href":"https:\/\/www.radioluna.it\/news\/wp-json\/wp\/v2\/categories?post=167904"},{"taxonomy":"post_tag","embeddable":true,"href":"https:\/\/www.radioluna.it\/news\/wp-json\/wp\/v2\/tags?post=167904"}],"curies":[{"name":"wp","href":"https:\/\/api.w.org\/{rel}","templated":true}]}}