{"id":167942,"date":"2015-08-27T08:31:52","date_gmt":"2015-08-27T06:31:52","guid":{"rendered":"http:\/\/www.radioluna.it\/news\/?p=167942"},"modified":"2015-08-27T08:39:19","modified_gmt":"2015-08-27T06:39:19","slug":"latina-via-del-lido-il-comune-ferma-i-lavori-nella-palazzina-di-riccardo","status":"publish","type":"post","link":"https:\/\/www.radioluna.it\/news\/2015\/08\/latina-via-del-lido-il-comune-ferma-i-lavori-nella-palazzina-di-riccardo\/","title":{"rendered":"Latina, Via del Lido, il Comune ferma i lavori nella palazzina di Riccardo"},"content":{"rendered":"<div id=\"fb-root\"><\/div>\n<p style=\"text-align: justify;\"><strong><a href=\"http:\/\/www.radioluna.it\/news\/wp-content\/uploads\/2015\/08\/palazzina-riccardo.jpg\"><img loading=\"lazy\" decoding=\"async\" class=\"aligncenter size-thumbnail wp-image-167709\" src=\"http:\/\/www.radioluna.it\/news\/wp-content\/uploads\/2015\/08\/palazzina-riccardo-635x422.jpg\" alt=\"palazzina Riccardo via del Lido\" width=\"635\" height=\"422\" srcset=\"https:\/\/www.radioluna.it\/news\/wp-content\/uploads\/2015\/08\/palazzina-riccardo-635x422.jpg 635w, https:\/\/www.radioluna.it\/news\/wp-content\/uploads\/2015\/08\/palazzina-riccardo-768x511.jpg 768w, https:\/\/www.radioluna.it\/news\/wp-content\/uploads\/2015\/08\/palazzina-riccardo-500x333.jpg 500w, https:\/\/www.radioluna.it\/news\/wp-content\/uploads\/2015\/08\/palazzina-riccardo-600x400.jpg 600w, https:\/\/www.radioluna.it\/news\/wp-content\/uploads\/2015\/08\/palazzina-riccardo-300x200.jpg 300w, https:\/\/www.radioluna.it\/news\/wp-content\/uploads\/2015\/08\/palazzina-riccardo.jpg 800w\" sizes=\"auto, (max-width: 635px) 100vw, 635px\" \/><\/a>LATINA<\/strong> &#8211;\u00a0Il Comune di Latina ha intimato la sospensione immediata dei lavori nella palazzina di Via del Lido dell&#8217;imprenditore Massimo Riccardo finita nel mirino per i locali tecnici trasformati in attici, una vecchia abitudine quella dell&#8217;abuso ai piani alti a Latina, che stavolta per\u00f2 sta avendo conseguenze pesanti.<\/p>\n<p style=\"text-align: justify;\">Il controllo effettuato nei giorni scorsi dalla polizia locale nello stabile di nuova costruzione all&#8217;angolo con Via De Chirico ha permesso di scoprire al piano terra un appartamento ricavato abusivamente perch\u00e9 realizzato in difformit\u00e0 del permesso a costruire e altre varie irregolarit\u00e0 nell&#8217;esecuzione dei lavori rispetto alla licenza, che l&#8217;ordinanza comunale elenca. Nel provvedimento firmato dall&#8217;architetto e dirigente del settore edilizia privata Giovanni Della Penna \u00a0le difformit\u00e0 riguardano, oltre all&#8217;appartamento citato, \u00a0la tamponatura del vano ascensore, il percorso di accesso all&#8217;adrone dell&#8217;immobile, variazioni prospettiche con modifiche del coroo scala e dei balconi.<\/p>\n<p style=\"text-align: justify;\">La Procura di Latina ha intanto autorizzato l&#8217;accesso forzoso dei vigili nei locali dello stabile in cui non era stato possibile svolgere i controlli, perch\u00e9 dall&#8217;interno si erano rifiutati di aprire la porta.<\/p>\n<p style=\"text-align: justify;\">\n","protected":false},"excerpt":{"rendered":"<p>LATINA &#8211;\u00a0Il Comune di Latina ha intimato la sospensione immediata dei lavori nella palazzina di Via del Lido dell&#8217;imprenditore Massimo Riccardo finita nel mirino per i locali tecnici trasformati in attici, una vecchia abitudine quella dell&#8217;abuso ai piani alti a Latina, che stavolta per\u00f2 sta avendo conseguenze pesanti. Il controllo effettuato nei giorni scorsi dalla [&hellip;]<\/p>\n","protected":false},"author":62,"featured_media":167709,"comment_status":"open","ping_status":"closed","sticky":false,"template":"","format":"standard","meta":{"footnotes":""},"categories":[7],"tags":[],"class_list":["post-167942","post","type-post","status-publish","format-standard","has-post-thumbnail","hentry","category-cronaca"],"_links":{"self":[{"href":"https:\/\/www.radioluna.it\/news\/wp-json\/wp\/v2\/posts\/167942","targetHints":{"allow":["GET"]}}],"collection":[{"href":"https:\/\/www.radioluna.it\/news\/wp-json\/wp\/v2\/posts"}],"about":[{"href":"https:\/\/www.radioluna.it\/news\/wp-json\/wp\/v2\/types\/post"}],"author":[{"embeddable":true,"href":"https:\/\/www.radioluna.it\/news\/wp-json\/wp\/v2\/users\/62"}],"replies":[{"embeddable":true,"href":"https:\/\/www.radioluna.it\/news\/wp-json\/wp\/v2\/comments?post=167942"}],"version-history":[{"count":0,"href":"https:\/\/www.radioluna.it\/news\/wp-json\/wp\/v2\/posts\/167942\/revisions"}],"wp:featuredmedia":[{"embeddable":true,"href":"https:\/\/www.radioluna.it\/news\/wp-json\/wp\/v2\/media\/167709"}],"wp:attachment":[{"href":"https:\/\/www.radioluna.it\/news\/wp-json\/wp\/v2\/media?parent=167942"}],"wp:term":[{"taxonomy":"category","embeddable":true,"href":"https:\/\/www.radioluna.it\/news\/wp-json\/wp\/v2\/categories?post=167942"},{"taxonomy":"post_tag","embeddable":true,"href":"https:\/\/www.radioluna.it\/news\/wp-json\/wp\/v2\/tags?post=167942"}],"curies":[{"name":"wp","href":"https:\/\/api.w.org\/{rel}","templated":true}]}}