{"id":167976,"date":"2015-08-28T08:31:54","date_gmt":"2015-08-28T06:31:54","guid":{"rendered":"http:\/\/www.radioluna.it\/news\/?p=167976"},"modified":"2015-08-28T08:31:54","modified_gmt":"2015-08-28T06:31:54","slug":"latina-via-del-lido-atto-terzo-sequestrati-gli-attici-della-palazzina-riccardo","status":"publish","type":"post","link":"https:\/\/www.radioluna.it\/news\/2015\/08\/latina-via-del-lido-atto-terzo-sequestrati-gli-attici-della-palazzina-riccardo\/","title":{"rendered":"Latina, Via del Lido atto terzo: sequestrati gli attici della palazzina Riccardo"},"content":{"rendered":"<div id=\"fb-root\"><\/div>\n<div id=\"attachment_167709\" style=\"width: 645px\" class=\"wp-caption aligncenter\"><a href=\"http:\/\/www.radioluna.it\/news\/wp-content\/uploads\/2015\/08\/palazzina-riccardo.jpg\"><img loading=\"lazy\" decoding=\"async\" aria-describedby=\"caption-attachment-167709\" class=\"wp-image-167709 size-thumbnail\" src=\"http:\/\/www.radioluna.it\/news\/wp-content\/uploads\/2015\/08\/palazzina-riccardo-635x422.jpg\" alt=\"palazzina Riccardo via del Lido\" width=\"635\" height=\"422\" srcset=\"https:\/\/www.radioluna.it\/news\/wp-content\/uploads\/2015\/08\/palazzina-riccardo-635x422.jpg 635w, https:\/\/www.radioluna.it\/news\/wp-content\/uploads\/2015\/08\/palazzina-riccardo-768x511.jpg 768w, https:\/\/www.radioluna.it\/news\/wp-content\/uploads\/2015\/08\/palazzina-riccardo-500x333.jpg 500w, https:\/\/www.radioluna.it\/news\/wp-content\/uploads\/2015\/08\/palazzina-riccardo-600x400.jpg 600w, https:\/\/www.radioluna.it\/news\/wp-content\/uploads\/2015\/08\/palazzina-riccardo-300x200.jpg 300w, https:\/\/www.radioluna.it\/news\/wp-content\/uploads\/2015\/08\/palazzina-riccardo.jpg 800w\" sizes=\"auto, (max-width: 635px) 100vw, 635px\" \/><\/a><p id=\"caption-attachment-167709\" class=\"wp-caption-text\">L&#8217;auto dei vigili urbani sotto la palazzina<\/p><\/div>\n<p style=\"text-align: justify;\"><strong>LATINA<\/strong> &#8211;\u00a0I vigili urbani hanno sequestrato l&#8217;ultimo piano della palazzina di Via del Lido della Generali Costruzioni in cui nei giorni scorsi era stato impedito il controllo disposto dal settore edilizia privata del Comune che sospettava una difformit\u00e0 rispetto al progetto approvato e per il quale \u00e8 stata data la concessione. Quando la verifica \u00e8 stata possibile, dopo una settimana, \u00a0la polizia locale ha trovato il segno evidente dei lavori di smontaggio delle strutture e degli arredi che avevano trasformato i locali tecnici in attici e soprattutto un&#8217;altezza del soffitto che \u00a0non \u00e8 conforme alla destinazione d&#8217;uso. Alcune fotografie scattate dall&#8217;esterno hanno anche documentato che in quei locali chiusi e inaccessibili ai vigili urbani, c&#8217;era una squadra di operai al lavoro.<\/p>\n<p style=\"text-align: justify;\">Il palazzo di Via del Lido \u00e8 finito da tempo nel mirino del Comune di Latina per abusivismo edilizio e ora dopo il sequestro di un appartamento di 76 metri quadrati al piano terra, ricavato in quello che sulla carta doveva essere il vano ascensore, scattano i sigilli per i piani alti. E i guai non sembrano essere finiti. C&#8217;\u00e8 ancora da controllare la rampa del garage che taglia un pezzo di area verde pubblica. &#8220;Piccole difformit\u00e0&#8221;, minimizza il costruttore in un&#8217;intervista rilasciata al Giornale di Latina.\u00a0Le solite &#8220;difformit\u00e0&#8221; che nel silenzio generale di chi doveva controllare hanno contrassegnato un decennio di nuove costruzioni a Latina.<\/p>\n<p style=\"text-align: justify;\">Massimo Riccardo, proprietario dell&#8217;immobile, nei giorni scorsi era stato anche affrontato in strada da un acquirente \u00a0che reclamava i soldi dati in acconto per comprare un appartamento in Via Quarto dove il Comune ha revocato in autotutela la concessione dopo aver verificato che si basava su errori macroscopici: &#8220;Sono perseguitato&#8221;, aggiunge ancora Riccardo.<\/p>\n","protected":false},"excerpt":{"rendered":"<p>LATINA &#8211;\u00a0I vigili urbani hanno sequestrato l&#8217;ultimo piano della palazzina di Via del Lido della Generali Costruzioni in cui nei giorni scorsi era stato impedito il controllo disposto dal settore edilizia privata del Comune che sospettava una difformit\u00e0 rispetto al progetto approvato e per il quale \u00e8 stata data la concessione. Quando la verifica \u00e8 [&hellip;]<\/p>\n","protected":false},"author":62,"featured_media":167709,"comment_status":"open","ping_status":"closed","sticky":false,"template":"","format":"standard","meta":{"footnotes":""},"categories":[7],"tags":[],"class_list":["post-167976","post","type-post","status-publish","format-standard","has-post-thumbnail","hentry","category-cronaca"],"_links":{"self":[{"href":"https:\/\/www.radioluna.it\/news\/wp-json\/wp\/v2\/posts\/167976","targetHints":{"allow":["GET"]}}],"collection":[{"href":"https:\/\/www.radioluna.it\/news\/wp-json\/wp\/v2\/posts"}],"about":[{"href":"https:\/\/www.radioluna.it\/news\/wp-json\/wp\/v2\/types\/post"}],"author":[{"embeddable":true,"href":"https:\/\/www.radioluna.it\/news\/wp-json\/wp\/v2\/users\/62"}],"replies":[{"embeddable":true,"href":"https:\/\/www.radioluna.it\/news\/wp-json\/wp\/v2\/comments?post=167976"}],"version-history":[{"count":0,"href":"https:\/\/www.radioluna.it\/news\/wp-json\/wp\/v2\/posts\/167976\/revisions"}],"wp:featuredmedia":[{"embeddable":true,"href":"https:\/\/www.radioluna.it\/news\/wp-json\/wp\/v2\/media\/167709"}],"wp:attachment":[{"href":"https:\/\/www.radioluna.it\/news\/wp-json\/wp\/v2\/media?parent=167976"}],"wp:term":[{"taxonomy":"category","embeddable":true,"href":"https:\/\/www.radioluna.it\/news\/wp-json\/wp\/v2\/categories?post=167976"},{"taxonomy":"post_tag","embeddable":true,"href":"https:\/\/www.radioluna.it\/news\/wp-json\/wp\/v2\/tags?post=167976"}],"curies":[{"name":"wp","href":"https:\/\/api.w.org\/{rel}","templated":true}]}}