{"id":168000,"date":"2015-08-28T13:12:26","date_gmt":"2015-08-28T11:12:26","guid":{"rendered":"http:\/\/www.radioluna.it\/news\/?p=168000"},"modified":"2015-08-28T13:12:26","modified_gmt":"2015-08-28T11:12:26","slug":"parcheggiatori-abusivi-a-latina-lugl-lancia-lallarme","status":"publish","type":"post","link":"https:\/\/www.radioluna.it\/news\/2015\/08\/parcheggiatori-abusivi-a-latina-lugl-lancia-lallarme\/","title":{"rendered":"Parcheggiatori abusivi a Latina, l&#8217;Ugl lancia l&#8217;allarme"},"content":{"rendered":"<div id=\"fb-root\"><\/div>\n<p style=\"text-align: justify;\"><strong><a href=\"http:\/\/www.radioluna.it\/news\/wp-content\/uploads\/2014\/09\/parcheggio-Via-neghelli.jpg\"><img loading=\"lazy\" decoding=\"async\" class=\"aligncenter size-thumbnail wp-image-155713\" src=\"http:\/\/www.radioluna.it\/news\/wp-content\/uploads\/2014\/09\/parcheggio-Via-neghelli-635x476.jpg\" alt=\"parcheggio Via neghelli\" width=\"635\" height=\"476\" srcset=\"https:\/\/www.radioluna.it\/news\/wp-content\/uploads\/2014\/09\/parcheggio-Via-neghelli-635x476.jpg 635w, https:\/\/www.radioluna.it\/news\/wp-content\/uploads\/2014\/09\/parcheggio-Via-neghelli-500x375.jpg 500w, https:\/\/www.radioluna.it\/news\/wp-content\/uploads\/2014\/09\/parcheggio-Via-neghelli-300x225.jpg 300w, https:\/\/www.radioluna.it\/news\/wp-content\/uploads\/2014\/09\/parcheggio-Via-neghelli.jpg 640w\" sizes=\"auto, (max-width: 635px) 100vw, 635px\" \/><\/a>LATINA<\/strong> &#8211; &#8220;A Latina arrivano i parcheggiatori abusivi&#8221;.\u00a0Lo denuncia in una nota il segretario provinciale della Ugl Latina Michele Virgilio lamentando di aver chiesto un incontro al Commissario Prefettizio per affrontare la questione dei parcheggi e del licenziamento dei lavoratori che gestivano il servizio. Incontro che non c&#8217;\u00e8 stato.<\/p>\n<p style=\"text-align: justify;\">&#8220;\u00c8 da diversi mesi che i circa 10 lavoratori sono stati licenziati perch\u00e9 la societ\u00e0 che si era aggiudicata il servizio ha rimesso il mandato &#8211; ricorda \u00a0Virgilio &#8211; \u00a0lo abbiamo segnalato \u00a0ma come sempre esistono lavoratori di serie A e lavoratori di serie B&#8221;.<\/p>\n<p style=\"text-align: justify;\">L&#8217;Ugl lamenta l&#8217;arrivo di parcheggiatori abusivi e chiede\u00a0che l&#8217;amministrazione convochi le organizzazioni sindacali per avviare un percorso che abbia come tema principale la salvaguardia dei lavoratori e della legalit\u00e0.<\/p>\n","protected":false},"excerpt":{"rendered":"<p>LATINA &#8211; &#8220;A Latina arrivano i parcheggiatori abusivi&#8221;.\u00a0Lo denuncia in una nota il segretario provinciale della Ugl Latina Michele Virgilio lamentando di aver chiesto un incontro al Commissario Prefettizio per affrontare la questione dei parcheggi e del licenziamento dei lavoratori che gestivano il servizio. Incontro che non c&#8217;\u00e8 stato. &#8220;\u00c8 da diversi mesi che i [&hellip;]<\/p>\n","protected":false},"author":62,"featured_media":155713,"comment_status":"open","ping_status":"closed","sticky":false,"template":"","format":"standard","meta":{"footnotes":""},"categories":[7],"tags":[],"class_list":["post-168000","post","type-post","status-publish","format-standard","has-post-thumbnail","hentry","category-cronaca"],"_links":{"self":[{"href":"https:\/\/www.radioluna.it\/news\/wp-json\/wp\/v2\/posts\/168000","targetHints":{"allow":["GET"]}}],"collection":[{"href":"https:\/\/www.radioluna.it\/news\/wp-json\/wp\/v2\/posts"}],"about":[{"href":"https:\/\/www.radioluna.it\/news\/wp-json\/wp\/v2\/types\/post"}],"author":[{"embeddable":true,"href":"https:\/\/www.radioluna.it\/news\/wp-json\/wp\/v2\/users\/62"}],"replies":[{"embeddable":true,"href":"https:\/\/www.radioluna.it\/news\/wp-json\/wp\/v2\/comments?post=168000"}],"version-history":[{"count":0,"href":"https:\/\/www.radioluna.it\/news\/wp-json\/wp\/v2\/posts\/168000\/revisions"}],"wp:featuredmedia":[{"embeddable":true,"href":"https:\/\/www.radioluna.it\/news\/wp-json\/wp\/v2\/media\/155713"}],"wp:attachment":[{"href":"https:\/\/www.radioluna.it\/news\/wp-json\/wp\/v2\/media?parent=168000"}],"wp:term":[{"taxonomy":"category","embeddable":true,"href":"https:\/\/www.radioluna.it\/news\/wp-json\/wp\/v2\/categories?post=168000"},{"taxonomy":"post_tag","embeddable":true,"href":"https:\/\/www.radioluna.it\/news\/wp-json\/wp\/v2\/tags?post=168000"}],"curies":[{"name":"wp","href":"https:\/\/api.w.org\/{rel}","templated":true}]}}