{"id":168304,"date":"2015-09-05T16:47:27","date_gmt":"2015-09-05T14:47:27","guid":{"rendered":"http:\/\/www.radioluna.it\/news\/?p=168304"},"modified":"2015-09-07T15:16:10","modified_gmt":"2015-09-07T13:16:10","slug":"non-basta-denunciare-occorre-agire-e-il-momento-di-farlo","status":"publish","type":"post","link":"https:\/\/www.radioluna.it\/news\/2015\/09\/non-basta-denunciare-occorre-agire-e-il-momento-di-farlo\/","title":{"rendered":"Non basta denunciare, occorre agire, \u00e8 il momento di farlo"},"content":{"rendered":"<div id=\"fb-root\"><\/div>\n<p style=\"text-align: justify;\"><a href=\"http:\/\/www.radioluna.it\/news\/wp-content\/uploads\/2015\/09\/14072011226.jpg\"><img loading=\"lazy\" decoding=\"async\" class=\"aligncenter wp-image-168314 size-thumbnail\" src=\"http:\/\/www.radioluna.it\/news\/wp-content\/uploads\/2015\/09\/14072011226-635x476.jpg\" alt=\"14072011226\" width=\"635\" height=\"476\" srcset=\"https:\/\/www.radioluna.it\/news\/wp-content\/uploads\/2015\/09\/14072011226-635x476.jpg 635w, https:\/\/www.radioluna.it\/news\/wp-content\/uploads\/2015\/09\/14072011226-768x576.jpg 768w, https:\/\/www.radioluna.it\/news\/wp-content\/uploads\/2015\/09\/14072011226-500x375.jpg 500w, https:\/\/www.radioluna.it\/news\/wp-content\/uploads\/2015\/09\/14072011226-300x225.jpg 300w, https:\/\/www.radioluna.it\/news\/wp-content\/uploads\/2015\/09\/14072011226-1024x768.jpg 1024w, https:\/\/www.radioluna.it\/news\/wp-content\/uploads\/2015\/09\/14072011226-800x600.jpg 800w, https:\/\/www.radioluna.it\/news\/wp-content\/uploads\/2015\/09\/14072011226.jpg 1000w\" sizes=\"auto, (max-width: 635px) 100vw, 635px\" \/><\/a><\/p>\n<div id=\"attachment_168305\" style=\"width: 210px\" class=\"wp-caption alignleft\"><a href=\"http:\/\/www.radioluna.it\/news\/wp-content\/uploads\/2015\/09\/antonio-costanzo.jpg\"><img loading=\"lazy\" decoding=\"async\" aria-describedby=\"caption-attachment-168305\" class=\"wp-image-168305\" src=\"http:\/\/www.radioluna.it\/news\/wp-content\/uploads\/2015\/09\/antonio-costanzo-300x298.jpg\" alt=\"L'autore dell'articolo, Antonio Costanzo\" width=\"200\" height=\"199\" srcset=\"https:\/\/www.radioluna.it\/news\/wp-content\/uploads\/2015\/09\/antonio-costanzo-300x298.jpg 300w, https:\/\/www.radioluna.it\/news\/wp-content\/uploads\/2015\/09\/antonio-costanzo-150x150.jpg 150w, https:\/\/www.radioluna.it\/news\/wp-content\/uploads\/2015\/09\/antonio-costanzo-500x496.jpg 500w, https:\/\/www.radioluna.it\/news\/wp-content\/uploads\/2015\/09\/antonio-costanzo-80x80.jpg 80w, https:\/\/www.radioluna.it\/news\/wp-content\/uploads\/2015\/09\/antonio-costanzo-50x50.jpg 50w, https:\/\/www.radioluna.it\/news\/wp-content\/uploads\/2015\/09\/antonio-costanzo.jpg 555w\" sizes=\"auto, (max-width: 200px) 100vw, 200px\" \/><\/a><p id=\"caption-attachment-168305\" class=\"wp-caption-text\">L&#8217;autore dell&#8217;articolo, Antonio Costanzo<\/p><\/div>\n<p style=\"text-align: justify;\">I partiti che hanno mal governato la nostra citt\u00e0, lasciandoci un mare di opere incompiute, servizi inesistenti e\/o sempre pi\u00f9 scadenti, scaricando pesanti costi alla collettivit\u00e0, anzich\u00e9 mettersi da parte, quale logica presa di coscienza degli errori\/orrori commessi, si stanno riproponendo con incredibile disinvoltura per (ri)amministrare la citt\u00e0 a vantaggio dei soliti professionisti della politica e delle \u201ccementate\u201d lobby affaristiche a questi collegate. E, cosa ancor pi\u00f9 stupefacente, i professionisti della politica, che non hanno mai smesso di pensare al proprio tornaconto, rivolgono accattivanti messaggi alla societ\u00e0 civile che \u00e8 stata sempre non considerata e male amministrata e addirittura, in alcuni casi, proponendo candidati che presentano come esponenti della societ\u00e0 civile.<\/p>\n<p style=\"text-align: justify;\">La societ\u00e0 civile esprime l\u2019intera collettivit\u00e0 nelle sue diverse articolazioni e manifestazioni e quindi non \u00e8 tutta buona. Ma cos\u2019\u00e8 allora la \u201csociet\u00e0 civile\u201d alla quale vogliamo riconoscerci? Per meglio identificarla, andiamo per esclusione, facendo riferimento al suo opposto, cio\u00e8 alla \u201csociet\u00e0 incivile\u201d.<\/p>\n<p style=\"text-align: justify;\">E\u2019 segno di incivilt\u00e0 non rispettare l\u2019ambiente, non rispettare le strisce pedonali, non rispettare la fila al bar, al supermercato e negli esercizi pubblici, non seguire le regole per il rilascio dei rifiuti urbani, non rimuovere gli escrementi lasciati dai cani, non rispettare le regole condominiali, abbandonare per strada o al mare i resti dello spuntino o della bevuta, sporcare con i graffiti i muri dei palazzi, gettare le cicche delle sigarette dalla macchina, e in generale tutti quegli atti e quei comportamenti che denotano la mancanza di senso civico. E contro queste manifestazioni ci sono molte associazioni a Latina che \u201cnon da oggi\u201d si stanno battendo offrendo lodevoli contributi senza il supporto di sponsor provenienti dai partiti.<\/p>\n<p style=\"text-align: justify;\">In politica, \u00e8 segno di incivilt\u00e0 (e non solo), non operare secondo principi di legalit\u00e0, moralit\u00e0 e onest\u00e0, attuare logiche e pratiche clientelari, curare gli interessi particolari anzich\u00e9 quelli generali della collettivit\u00e0, non selezionare i bisogni sulla base della loro urgenza e gravit\u00e0, non assicurare la massima trasparenza delle rispettive situazioni personali e dell\u2019esito delle proprie decisioni amministrative, perseverare nella cattiva amministrazione.<\/p>\n<p>Le iniziative per il lavoro e lo sviluppo economico, la difesa dell\u2019ambiente, il sostegno ai giovani, la cura degli anziani, l\u2019assistenza ai bisognosi, le iniziative a favore della cultura e dell\u2019integrazione, sono modi con cui contribuire alla \u201crinascita civile\u201d, al progresso della citt\u00e0 e al miglioramento della qualit\u00e0 della vita. E la qualit\u00e0 della vita, che mette al centro il bene comune, \u00e8 un obiettivo che pu\u00f2 essere realizzato solo con il contributo di tutti nell\u2019agire civilmente, passando dall\u2019interesse individuale a quello della comunit\u00e0.<\/p>\n<p>Attraverso la societ\u00e0 civile nella quale ci riconosciamo vogliamo offrire ai cittadini uno spazio autonomo fuori dai partiti, che di spazi in questi anni ne hanno occupati tanti, con i pessimi risultati che sono sotto gli occhi di tutti.<\/p>\n<p>Esiste un livello &#8211; quello dei valori, dell\u2019etica e della legalit\u00e0 &#8211; che non pu\u00f2 essere sottoposto alla legge dello scambio politico. Etica e politica non sono e non possono essere separati. La politica senza etica diventa sterile lotta per il potere e vile ripartizione degli affari sporchi. L\u2019etica senza l\u2019ausilio della politica \u00e8 destinata a restare in gran parte nel campo delle buone intenzioni.<\/p>\n<p>E\u2019 quindi necessario costruire uno spazio autonomo in cui la societ\u00e0 civile possa esprimersi, senza dover seguire le regole dello scambio politico e della ragion di partito.<\/p>\n<p>La speranza \u00e8 che possa iniziare un cammino verso una politica pi\u00f9 pulita e che la legalit\u00e0 possa prevalere sulla corruzione e il malaffare.<\/p>\n<p>Il problema della politica, oggi, della buona politica, \u00e8 quello di individuare e attuare un metodo per bandire l\u2019incompetenza e la disonest\u00e0 dai pubblici uffici e scegliere e preparare i migliori a gestire e proteggere il bene pubblico. Cose di cui la nostra citt\u00e0 ha sicuramente bisogno.<\/p>\n<p>E per questo \u00e8 necessario avviare un movimento di \u201ccittadini insieme per il Bene Comune\u201d.<\/p>\n","protected":false},"excerpt":{"rendered":"<p>I partiti che hanno mal governato la nostra citt\u00e0, lasciandoci un mare di opere incompiute, servizi inesistenti e\/o sempre pi\u00f9 scadenti, scaricando pesanti costi alla collettivit\u00e0, anzich\u00e9 mettersi da parte, quale logica presa di coscienza degli errori\/orrori commessi, si stanno riproponendo con incredibile disinvoltura per (ri)amministrare la citt\u00e0 a vantaggio dei soliti professionisti della politica [&hellip;]<\/p>\n","protected":false},"author":60,"featured_media":168314,"comment_status":"open","ping_status":"closed","sticky":false,"template":"","format":"standard","meta":{"footnotes":""},"categories":[735],"tags":[],"class_list":["post-168304","post","type-post","status-publish","format-standard","has-post-thumbnail","hentry","category-attualita"],"_links":{"self":[{"href":"https:\/\/www.radioluna.it\/news\/wp-json\/wp\/v2\/posts\/168304","targetHints":{"allow":["GET"]}}],"collection":[{"href":"https:\/\/www.radioluna.it\/news\/wp-json\/wp\/v2\/posts"}],"about":[{"href":"https:\/\/www.radioluna.it\/news\/wp-json\/wp\/v2\/types\/post"}],"author":[{"embeddable":true,"href":"https:\/\/www.radioluna.it\/news\/wp-json\/wp\/v2\/users\/60"}],"replies":[{"embeddable":true,"href":"https:\/\/www.radioluna.it\/news\/wp-json\/wp\/v2\/comments?post=168304"}],"version-history":[{"count":0,"href":"https:\/\/www.radioluna.it\/news\/wp-json\/wp\/v2\/posts\/168304\/revisions"}],"wp:featuredmedia":[{"embeddable":true,"href":"https:\/\/www.radioluna.it\/news\/wp-json\/wp\/v2\/media\/168314"}],"wp:attachment":[{"href":"https:\/\/www.radioluna.it\/news\/wp-json\/wp\/v2\/media?parent=168304"}],"wp:term":[{"taxonomy":"category","embeddable":true,"href":"https:\/\/www.radioluna.it\/news\/wp-json\/wp\/v2\/categories?post=168304"},{"taxonomy":"post_tag","embeddable":true,"href":"https:\/\/www.radioluna.it\/news\/wp-json\/wp\/v2\/tags?post=168304"}],"curies":[{"name":"wp","href":"https:\/\/api.w.org\/{rel}","templated":true}]}}