{"id":168425,"date":"2015-09-10T10:22:49","date_gmt":"2015-09-10T08:22:49","guid":{"rendered":"http:\/\/www.radioluna.it\/news\/?p=168425"},"modified":"2015-09-10T11:21:31","modified_gmt":"2015-09-10T09:21:31","slug":"11-settembre-i-vigili-del-fuoco-di-latina-ricordano-i-colleghi-americani","status":"publish","type":"post","link":"https:\/\/www.radioluna.it\/news\/2015\/09\/11-settembre-i-vigili-del-fuoco-di-latina-ricordano-i-colleghi-americani\/","title":{"rendered":"11 settembre, i vigili del fuoco di Latina ricordano i colleghi americani"},"content":{"rendered":"<div id=\"fb-root\"><\/div>\n<p><a href=\"http:\/\/www.radioluna.it\/news\/wp-content\/uploads\/2015\/09\/torri-gemelle.jpg\"><img loading=\"lazy\" decoding=\"async\" class=\" size-full wp-image-168428 alignleft\" src=\"http:\/\/www.radioluna.it\/news\/wp-content\/uploads\/2015\/09\/torri-gemelle.jpg\" alt=\"torri gemelle\" width=\"400\" height=\"313\" srcset=\"https:\/\/www.radioluna.it\/news\/wp-content\/uploads\/2015\/09\/torri-gemelle.jpg 400w, https:\/\/www.radioluna.it\/news\/wp-content\/uploads\/2015\/09\/torri-gemelle-300x235.jpg 300w\" sizes=\"auto, (max-width: 400px) 100vw, 400px\" \/><\/a>LATINA &#8211; A quattordici anni dall&#8217;attacco alle Torri Gemelle di New York, i vigili del fuoco di Latina ricordano i colleghi americani morti eroicamente nel tentativo di salvare vite umane.<\/p>\n<p style=\"text-align: justify;\">Sabato 12 settembre arriver\u00e0 dagli Stati Uniti Robert Triozzi, pompiere americano e Fire Rescue Development Program dell&#8217;Onu per illustrare &#8220;L&#8217;attacco, l&#8217;incendio, il crollo, il recupero&#8221;. L&#8217;intervento sar\u00e0 il momento centrale della giornata che comincer\u00e0 alle 9,30 nella Chiesa del Sacro Cuore di Ges\u00f9 in Piazza Paolo VI a Latina con la Messa celebrata dal vescovo Mariano Crociata e che proseguir\u00e0 poi nella sala San Tommaso D&#8217;Aquino del palazzo della Curia. Presente il Coro polifonico di Villa Santo Stefano.<\/p>\n<p style=\"text-align: justify;\">In apertura della cerimonia civile sono previsti i saluti del Prefetto di Latina Pierluigi Faloni, a seguire l&#8217;intervento del comandante provinciale dei vigili del fuoco Maurizio Liberati e del cavalier Luigi Pistoia, caporeparto a riposo \u00a0del Corpo. Dopo il racconto di Triozzi che sar\u00e0 corredato da un video, parler\u00e0 Emilio Occhiuzzi, direttore centrale per la formazione dei vigili del fuoco. Chiuder\u00e0 la mattinata il Comandante Generale \u00a0del Corpo Nazionale dei Vigili del Fuoco D&#8217;Italia, Gioacchino Giorni.<\/p>\n<p style=\"text-align: justify;\">Parteciperanno rappresentanze dell&#8217;Arma dei carabinieri, degli alpini, dei bersaglieri. I cittadini sono invitati a partecipare.<\/p>\n","protected":false},"excerpt":{"rendered":"<p>LATINA &#8211; A quattordici anni dall&#8217;attacco alle Torri Gemelle di New York, i vigili del fuoco di Latina ricordano i colleghi americani morti eroicamente nel tentativo di salvare vite umane. Sabato 12 settembre arriver\u00e0 dagli Stati Uniti Robert Triozzi, pompiere americano e Fire Rescue Development Program dell&#8217;Onu per illustrare &#8220;L&#8217;attacco, l&#8217;incendio, il crollo, il recupero&#8221;. [&hellip;]<\/p>\n","protected":false},"author":62,"featured_media":168428,"comment_status":"open","ping_status":"closed","sticky":false,"template":"","format":"standard","meta":{"footnotes":""},"categories":[16],"tags":[],"class_list":["post-168425","post","type-post","status-publish","format-standard","has-post-thumbnail","hentry","category-appuntamenti"],"_links":{"self":[{"href":"https:\/\/www.radioluna.it\/news\/wp-json\/wp\/v2\/posts\/168425","targetHints":{"allow":["GET"]}}],"collection":[{"href":"https:\/\/www.radioluna.it\/news\/wp-json\/wp\/v2\/posts"}],"about":[{"href":"https:\/\/www.radioluna.it\/news\/wp-json\/wp\/v2\/types\/post"}],"author":[{"embeddable":true,"href":"https:\/\/www.radioluna.it\/news\/wp-json\/wp\/v2\/users\/62"}],"replies":[{"embeddable":true,"href":"https:\/\/www.radioluna.it\/news\/wp-json\/wp\/v2\/comments?post=168425"}],"version-history":[{"count":0,"href":"https:\/\/www.radioluna.it\/news\/wp-json\/wp\/v2\/posts\/168425\/revisions"}],"wp:featuredmedia":[{"embeddable":true,"href":"https:\/\/www.radioluna.it\/news\/wp-json\/wp\/v2\/media\/168428"}],"wp:attachment":[{"href":"https:\/\/www.radioluna.it\/news\/wp-json\/wp\/v2\/media?parent=168425"}],"wp:term":[{"taxonomy":"category","embeddable":true,"href":"https:\/\/www.radioluna.it\/news\/wp-json\/wp\/v2\/categories?post=168425"},{"taxonomy":"post_tag","embeddable":true,"href":"https:\/\/www.radioluna.it\/news\/wp-json\/wp\/v2\/tags?post=168425"}],"curies":[{"name":"wp","href":"https:\/\/api.w.org\/{rel}","templated":true}]}}