{"id":168439,"date":"2015-09-09T13:37:10","date_gmt":"2015-09-09T11:37:10","guid":{"rendered":"http:\/\/www.radioluna.it\/news\/?p=168439"},"modified":"2015-09-09T13:37:10","modified_gmt":"2015-09-09T11:37:10","slug":"alla-feltrinelli-arrivano-i-rapper-coez-e-madman","status":"publish","type":"post","link":"https:\/\/www.radioluna.it\/news\/2015\/09\/alla-feltrinelli-arrivano-i-rapper-coez-e-madman\/","title":{"rendered":"Alla Feltrinelli arrivano i rapper Coez e Madman"},"content":{"rendered":"<div id=\"fb-root\"><\/div>\n<p style=\"text-align: justify;\"><strong><a href=\"http:\/\/www.radioluna.it\/news\/wp-content\/uploads\/2015\/09\/coez.jpg\"><img loading=\"lazy\" decoding=\"async\" class=\"aligncenter size-thumbnail wp-image-168440\" src=\"http:\/\/www.radioluna.it\/news\/wp-content\/uploads\/2015\/09\/coez-635x357.jpg\" alt=\"coez\" width=\"635\" height=\"357\" srcset=\"https:\/\/www.radioluna.it\/news\/wp-content\/uploads\/2015\/09\/coez-635x357.jpg 635w, https:\/\/www.radioluna.it\/news\/wp-content\/uploads\/2015\/09\/coez-768x432.jpg 768w, https:\/\/www.radioluna.it\/news\/wp-content\/uploads\/2015\/09\/coez-500x281.jpg 500w, https:\/\/www.radioluna.it\/news\/wp-content\/uploads\/2015\/09\/coez-300x169.jpg 300w, https:\/\/www.radioluna.it\/news\/wp-content\/uploads\/2015\/09\/coez-1024x576.jpg 1024w, https:\/\/www.radioluna.it\/news\/wp-content\/uploads\/2015\/09\/coez-800x450.jpg 800w, https:\/\/www.radioluna.it\/news\/wp-content\/uploads\/2015\/09\/coez.jpg 1000w\" sizes=\"auto, (max-width: 635px) 100vw, 635px\" \/><\/a>LATINA &#8211;<\/strong> Doppio appuntamento con il rap italiano alla Feltrinelli di Latina.\u00a0\u00a0Gioved\u00ec 10 Settembre alle 18 il rapper\u00a0salernitano Coez incontrer\u00e0 i propri ammiratori nella tappa latinense del suo tour in store e firmer\u00e0 le copie del suo nuovo cd &#8220;Niente che non va&#8221;.<br \/>\nSabato 12 Settembre alle 19 sar\u00e0 il turno di \u00a0Madman che presenter\u00e0 il suo primo lavoro da solista &#8220;Doppelganger&#8221;. Per Madman si tratta di un ritorno in Via Diaz dove un anno fa insieme a Gemitaiz fu accolto da centinaia di fan.<br \/>\n&#8220;Ricordiamo \u00a0&#8211; dice il direttore dello store Massimo Bortoletto &#8211; che per accedere in via preferenziale al firmacopie \u00e8 necessario acquistare i cd presso il nostro punto vendita&#8221;.<\/p>\n","protected":false},"excerpt":{"rendered":"<p>LATINA &#8211; Doppio appuntamento con il rap italiano alla Feltrinelli di Latina.\u00a0\u00a0Gioved\u00ec 10 Settembre alle 18 il rapper\u00a0salernitano Coez incontrer\u00e0 i propri ammiratori nella tappa latinense del suo tour in store e firmer\u00e0 le copie del suo nuovo cd &#8220;Niente che non va&#8221;. Sabato 12 Settembre alle 19 sar\u00e0 il turno di \u00a0Madman che presenter\u00e0 [&hellip;]<\/p>\n","protected":false},"author":62,"featured_media":168440,"comment_status":"open","ping_status":"closed","sticky":false,"template":"","format":"standard","meta":{"footnotes":""},"categories":[16],"tags":[],"class_list":["post-168439","post","type-post","status-publish","format-standard","has-post-thumbnail","hentry","category-appuntamenti"],"_links":{"self":[{"href":"https:\/\/www.radioluna.it\/news\/wp-json\/wp\/v2\/posts\/168439","targetHints":{"allow":["GET"]}}],"collection":[{"href":"https:\/\/www.radioluna.it\/news\/wp-json\/wp\/v2\/posts"}],"about":[{"href":"https:\/\/www.radioluna.it\/news\/wp-json\/wp\/v2\/types\/post"}],"author":[{"embeddable":true,"href":"https:\/\/www.radioluna.it\/news\/wp-json\/wp\/v2\/users\/62"}],"replies":[{"embeddable":true,"href":"https:\/\/www.radioluna.it\/news\/wp-json\/wp\/v2\/comments?post=168439"}],"version-history":[{"count":0,"href":"https:\/\/www.radioluna.it\/news\/wp-json\/wp\/v2\/posts\/168439\/revisions"}],"wp:featuredmedia":[{"embeddable":true,"href":"https:\/\/www.radioluna.it\/news\/wp-json\/wp\/v2\/media\/168440"}],"wp:attachment":[{"href":"https:\/\/www.radioluna.it\/news\/wp-json\/wp\/v2\/media?parent=168439"}],"wp:term":[{"taxonomy":"category","embeddable":true,"href":"https:\/\/www.radioluna.it\/news\/wp-json\/wp\/v2\/categories?post=168439"},{"taxonomy":"post_tag","embeddable":true,"href":"https:\/\/www.radioluna.it\/news\/wp-json\/wp\/v2\/tags?post=168439"}],"curies":[{"name":"wp","href":"https:\/\/api.w.org\/{rel}","templated":true}]}}