{"id":168452,"date":"2015-09-09T18:34:20","date_gmt":"2015-09-09T16:34:20","guid":{"rendered":"http:\/\/www.radioluna.it\/news\/?p=168452"},"modified":"2015-09-09T18:34:40","modified_gmt":"2015-09-09T16:34:40","slug":"sperlonga-music-festival-al-via-la-iii-edizione","status":"publish","type":"post","link":"https:\/\/www.radioluna.it\/news\/2015\/09\/sperlonga-music-festival-al-via-la-iii-edizione\/","title":{"rendered":"Sperlonga Music Festival, al via la III edizione"},"content":{"rendered":"<div id=\"fb-root\"><\/div>\n<p style=\"text-align: justify;\"><strong><a href=\"http:\/\/www.radioluna.it\/news\/wp-content\/uploads\/2015\/09\/Roberto-Funaro-1.jpg\"><img loading=\"lazy\" decoding=\"async\" class=\"aligncenter size-thumbnail wp-image-168453\" src=\"http:\/\/www.radioluna.it\/news\/wp-content\/uploads\/2015\/09\/Roberto-Funaro-1-635x953.jpg\" alt=\"Roberto Funaro 1\" width=\"635\" height=\"953\" srcset=\"https:\/\/www.radioluna.it\/news\/wp-content\/uploads\/2015\/09\/Roberto-Funaro-1-635x953.jpg 635w, https:\/\/www.radioluna.it\/news\/wp-content\/uploads\/2015\/09\/Roberto-Funaro-1-500x750.jpg 500w, https:\/\/www.radioluna.it\/news\/wp-content\/uploads\/2015\/09\/Roberto-Funaro-1-200x300.jpg 200w, https:\/\/www.radioluna.it\/news\/wp-content\/uploads\/2015\/09\/Roberto-Funaro-1-300x450.jpg 300w, https:\/\/www.radioluna.it\/news\/wp-content\/uploads\/2015\/09\/Roberto-Funaro-1.jpg 640w\" sizes=\"auto, (max-width: 635px) 100vw, 635px\" \/><\/a>SPERLONGA<\/strong> &#8211; Al via il primo dei tre giorni di programmazione per lo Sperlonga Music Festival, l\u2019evento musicale, giunto alla terza edizione, organizzato dall\u2019associazione SperlongaE20, con il patrocinio della Presidenza del Consiglio Regionale del Lazio e del Comune di Sperlonga.<\/p>\n<p style=\"text-align: justify;\">Quest\u2019anno, l&#8217;evento render\u00e0 omaggio all\u2019indimenticabile cantautore Pino Daniele (che sub\u00ec il fascino di Sperlonga, al punto da sceglierla come sfondo per uno dei suoi video pi\u00f9 belli, Amore senza fine) e alla sua maestria nel fondere creativit\u00e0, poetica e matrici popolari e dialettali con l\u2019impronta tipicamente black di blues, soul e jazz.<\/p>\n<p style=\"text-align: justify;\">Si inizia venerd\u00ec 11 alle ore 21 presso la suggestiva location della Torre Truglia sul porto della citt\u00e0. Qui, il giornalista Roberto Funaro ed il chitarrista Marco Viccaro daranno vita ad un evento dal titolo Pino Daniele: \u201cIl mio racconto\u201d; seguir\u00e0 un dj set di Blues, Soul e Jazz con Catfish. Roberto Funaro \u00e8 giornalista, writer e ghostwriter di diversi magazine, quotidiani e fanzine on line, \u00e8 caporedattore dell\u2019agenzia Agest sezione spettacolo di Napoli. L\u2019evento \u00e8 ad ingresso gratuito. Lo Sperlonga Music Festival \u00e8 gemellato con il Porretta Soul Festival, il Black Festival e il Fondi Jazz Festival, e prosegue nelle giornate di sabato 12 e domenica 13 con orario di inizio dei concerti alle 21.<\/p>\n","protected":false},"excerpt":{"rendered":"<p>SPERLONGA &#8211; Al via il primo dei tre giorni di programmazione per lo Sperlonga Music Festival, l\u2019evento musicale, giunto alla terza edizione, organizzato dall\u2019associazione SperlongaE20, con il patrocinio della Presidenza del Consiglio Regionale del Lazio e del Comune di Sperlonga. Quest\u2019anno, l&#8217;evento render\u00e0 omaggio all\u2019indimenticabile cantautore Pino Daniele (che sub\u00ec il fascino di Sperlonga, al [&hellip;]<\/p>\n","protected":false},"author":60,"featured_media":168453,"comment_status":"open","ping_status":"closed","sticky":false,"template":"","format":"standard","meta":{"footnotes":""},"categories":[16],"tags":[],"class_list":["post-168452","post","type-post","status-publish","format-standard","has-post-thumbnail","hentry","category-appuntamenti"],"_links":{"self":[{"href":"https:\/\/www.radioluna.it\/news\/wp-json\/wp\/v2\/posts\/168452","targetHints":{"allow":["GET"]}}],"collection":[{"href":"https:\/\/www.radioluna.it\/news\/wp-json\/wp\/v2\/posts"}],"about":[{"href":"https:\/\/www.radioluna.it\/news\/wp-json\/wp\/v2\/types\/post"}],"author":[{"embeddable":true,"href":"https:\/\/www.radioluna.it\/news\/wp-json\/wp\/v2\/users\/60"}],"replies":[{"embeddable":true,"href":"https:\/\/www.radioluna.it\/news\/wp-json\/wp\/v2\/comments?post=168452"}],"version-history":[{"count":0,"href":"https:\/\/www.radioluna.it\/news\/wp-json\/wp\/v2\/posts\/168452\/revisions"}],"wp:featuredmedia":[{"embeddable":true,"href":"https:\/\/www.radioluna.it\/news\/wp-json\/wp\/v2\/media\/168453"}],"wp:attachment":[{"href":"https:\/\/www.radioluna.it\/news\/wp-json\/wp\/v2\/media?parent=168452"}],"wp:term":[{"taxonomy":"category","embeddable":true,"href":"https:\/\/www.radioluna.it\/news\/wp-json\/wp\/v2\/categories?post=168452"},{"taxonomy":"post_tag","embeddable":true,"href":"https:\/\/www.radioluna.it\/news\/wp-json\/wp\/v2\/tags?post=168452"}],"curies":[{"name":"wp","href":"https:\/\/api.w.org\/{rel}","templated":true}]}}