{"id":168454,"date":"2015-09-09T18:41:04","date_gmt":"2015-09-09T16:41:04","guid":{"rendered":"http:\/\/www.radioluna.it\/news\/?p=168454"},"modified":"2015-09-09T18:41:04","modified_gmt":"2015-09-09T16:41:04","slug":"quarta-amichevole-stagionale-per-laxed-group-latina-calcio-a-5","status":"publish","type":"post","link":"https:\/\/www.radioluna.it\/news\/2015\/09\/quarta-amichevole-stagionale-per-laxed-group-latina-calcio-a-5\/","title":{"rendered":"Quarta amichevole stagionale per l&#8217;Axed Group Latina Calcio a 5"},"content":{"rendered":"<div id=\"fb-root\"><\/div>\n<p style=\"text-align: justify;\"><strong><a href=\"http:\/\/www.radioluna.it\/news\/wp-content\/uploads\/2015\/09\/CALCIO-A-5.jpg\"><img loading=\"lazy\" decoding=\"async\" class=\"aligncenter size-thumbnail wp-image-168455\" src=\"http:\/\/www.radioluna.it\/news\/wp-content\/uploads\/2015\/09\/CALCIO-A-5-635x476.jpg\" alt=\"CALCIO A 5\" width=\"635\" height=\"476\" srcset=\"https:\/\/www.radioluna.it\/news\/wp-content\/uploads\/2015\/09\/CALCIO-A-5-635x476.jpg 635w, https:\/\/www.radioluna.it\/news\/wp-content\/uploads\/2015\/09\/CALCIO-A-5-768x576.jpg 768w, https:\/\/www.radioluna.it\/news\/wp-content\/uploads\/2015\/09\/CALCIO-A-5-500x375.jpg 500w, https:\/\/www.radioluna.it\/news\/wp-content\/uploads\/2015\/09\/CALCIO-A-5-300x225.jpg 300w, https:\/\/www.radioluna.it\/news\/wp-content\/uploads\/2015\/09\/CALCIO-A-5-1024x768.jpg 1024w, https:\/\/www.radioluna.it\/news\/wp-content\/uploads\/2015\/09\/CALCIO-A-5-800x600.jpg 800w, https:\/\/www.radioluna.it\/news\/wp-content\/uploads\/2015\/09\/CALCIO-A-5.jpg 1000w\" sizes=\"auto, (max-width: 635px) 100vw, 635px\" \/><\/a>LATINA<\/strong> &#8211;\u00a0Quarta amichevole stagionale per l&#8217;Axed Group Latina Calcio a 5 che, nel pomeriggio di oggi (mercoled\u00ec 9 settembre), ha affrontato al PalaBianchini la Cogianco, formazione anch&#8217;essa di serie A. Un est, dunque, molto attendibile per la formazione nerazzurra di Piero Basile che, per\u00f2, per l&#8217;occasione, oltre che di Corso e Maina, ha dovuto fare a meno anche di Borja Blanco e Bacoli.<\/p>\n<p style=\"text-align: justify;\">Si \u00e8 giocato su tre tempi da 20&#8242; ciascuno.\u00a0 Il primo terminava 0-0, ma con l&#8217;Axed Group Latina Calcio a 5, vicina al gol prima con Terenzi e successivamente con Arnaldo. Il secondo tempo, invece, iniziava con una gran parata di Chinchio su conclusione di Ruben, 0-1. In apertura di terzo tempo, arrivava il secondo gol per la Cogianco, a firma di Ippoliti, al quale faceva seguito il terzo, realizzato da Ruben. L&#8217;Axed Group Latina Calcio a 5, per\u00f2, non ci stava e il giovane Under 21, gi\u00e0 in gol con il Montesilvano, Franza, metteva a segno l&#8217;1-3. Una rete, per\u00f2, alla quale replicava subito il nazionale brasiliano della Cogianco, Luizinho, pronto a realizzare il 4-1. Con questo risultato, si chiudeva la quarta amichevole stagionale dell&#8217;Axed Group Latina Calcio a 5.<\/p>\n<p style=\"text-align: justify;\">Domani mattina (gioved\u00ec 10 settembre), alle ore 10, nella sala stampa del PalaBianchini in via dei Mille a Latina, presentazione della campagna abbonamenti e delle nuove maglie per la stagione 2014-2015. Venerd\u00ec 11 settembre, poi, presentazione ufficiale della stagione 2015-2016.<\/p>\n<div class=\"radio-posizionamento-telefono-in-articoli-dopo-il-contenuto-articolo radio-entity-placement\" id=\"radio-3551943440\"><div id=\"radio-1007936092\" style=\"width: 300px;height: 250px;\"><a href=\"https:\/\/www.icarspa.it\/auto\/usate\/latina\/\" aria-label=\"banner aprile icar new life &#8211; auto usate latina\"><img loading=\"lazy\" decoding=\"async\" src=\"https:\/\/www.radioluna.it\/news\/wp-content\/uploads\/2026\/02\/banner-aprile-icar-new-life-auto-usate-latina.gif\" alt=\"\"  width=\"300\" height=\"250\"   \/><\/a><\/div><\/div>","protected":false},"excerpt":{"rendered":"<p>LATINA &#8211;\u00a0Quarta amichevole stagionale per l&#8217;Axed Group Latina Calcio a 5 che, nel pomeriggio di oggi (mercoled\u00ec 9 settembre), ha affrontato al PalaBianchini la Cogianco, formazione anch&#8217;essa di serie A. Un est, dunque, molto attendibile per la formazione nerazzurra di Piero Basile che, per\u00f2, per l&#8217;occasione, oltre che di Corso e Maina, ha dovuto fare [&hellip;]<\/p>\n","protected":false},"author":60,"featured_media":168455,"comment_status":"open","ping_status":"closed","sticky":false,"template":"","format":"standard","meta":{"footnotes":""},"categories":[17],"tags":[],"class_list":["post-168454","post","type-post","status-publish","format-standard","has-post-thumbnail","hentry","category-sport"],"_links":{"self":[{"href":"https:\/\/www.radioluna.it\/news\/wp-json\/wp\/v2\/posts\/168454","targetHints":{"allow":["GET"]}}],"collection":[{"href":"https:\/\/www.radioluna.it\/news\/wp-json\/wp\/v2\/posts"}],"about":[{"href":"https:\/\/www.radioluna.it\/news\/wp-json\/wp\/v2\/types\/post"}],"author":[{"embeddable":true,"href":"https:\/\/www.radioluna.it\/news\/wp-json\/wp\/v2\/users\/60"}],"replies":[{"embeddable":true,"href":"https:\/\/www.radioluna.it\/news\/wp-json\/wp\/v2\/comments?post=168454"}],"version-history":[{"count":0,"href":"https:\/\/www.radioluna.it\/news\/wp-json\/wp\/v2\/posts\/168454\/revisions"}],"wp:featuredmedia":[{"embeddable":true,"href":"https:\/\/www.radioluna.it\/news\/wp-json\/wp\/v2\/media\/168455"}],"wp:attachment":[{"href":"https:\/\/www.radioluna.it\/news\/wp-json\/wp\/v2\/media?parent=168454"}],"wp:term":[{"taxonomy":"category","embeddable":true,"href":"https:\/\/www.radioluna.it\/news\/wp-json\/wp\/v2\/categories?post=168454"},{"taxonomy":"post_tag","embeddable":true,"href":"https:\/\/www.radioluna.it\/news\/wp-json\/wp\/v2\/tags?post=168454"}],"curies":[{"name":"wp","href":"https:\/\/api.w.org\/{rel}","templated":true}]}}