{"id":168484,"date":"2015-09-10T12:44:37","date_gmt":"2015-09-10T10:44:37","guid":{"rendered":"http:\/\/www.radioluna.it\/news\/?p=168484"},"modified":"2015-09-10T12:44:37","modified_gmt":"2015-09-10T10:44:37","slug":"acqua-e-sapone-e-top-volley-di-nuovo-insieme","status":"publish","type":"post","link":"https:\/\/www.radioluna.it\/news\/2015\/09\/acqua-e-sapone-e-top-volley-di-nuovo-insieme\/","title":{"rendered":"Acqua e Sapone  e Top Volley di nuovo insieme"},"content":{"rendered":"<div id=\"fb-root\"><\/div>\n<p style=\"text-align: justify;\"><strong><a href=\"http:\/\/www.radioluna.it\/news\/wp-content\/uploads\/2015\/09\/acqua-e-sapone-e-topvolley.jpg\"><img loading=\"lazy\" decoding=\"async\" class=\"aligncenter size-thumbnail wp-image-168485\" src=\"http:\/\/www.radioluna.it\/news\/wp-content\/uploads\/2015\/09\/acqua-e-sapone-e-topvolley-635x397.jpg\" alt=\"acqua e sapone e topvolley\" width=\"635\" height=\"397\" srcset=\"https:\/\/www.radioluna.it\/news\/wp-content\/uploads\/2015\/09\/acqua-e-sapone-e-topvolley-635x397.jpg 635w, https:\/\/www.radioluna.it\/news\/wp-content\/uploads\/2015\/09\/acqua-e-sapone-e-topvolley-768x480.jpg 768w, https:\/\/www.radioluna.it\/news\/wp-content\/uploads\/2015\/09\/acqua-e-sapone-e-topvolley-500x313.jpg 500w, https:\/\/www.radioluna.it\/news\/wp-content\/uploads\/2015\/09\/acqua-e-sapone-e-topvolley-300x188.jpg 300w, https:\/\/www.radioluna.it\/news\/wp-content\/uploads\/2015\/09\/acqua-e-sapone-e-topvolley-1024x640.jpg 1024w, https:\/\/www.radioluna.it\/news\/wp-content\/uploads\/2015\/09\/acqua-e-sapone-e-topvolley-800x500.jpg 800w, https:\/\/www.radioluna.it\/news\/wp-content\/uploads\/2015\/09\/acqua-e-sapone-e-topvolley.jpg 1000w\" sizes=\"auto, (max-width: 635px) 100vw, 635px\" \/><\/a>LATINA<\/strong> &#8211;\u00a0Si rinnova l\u2019accordo tra la Top Volley e \u201cAcqua &amp; Sapone\u201d anche per la stagione 2015-16. &#8220;Un binomio che dura grazie ai successi di entrambi i gruppi, proiettati in un ottica sempre pi\u00f9 nazionale&#8221;, dicono dalla Top che dopo la stagione \u201crivelazione\u201d dello scorso anno si \u00e8 rivelata un&#8217;ottima vetrina per i suoi partner commerciali.<\/p>\n<p style=\"text-align: justify;\">\u201cDopo una stagione come quella passata, molto esaltante, abbiamo deciso di restare accanto alla Top Volley Latina. La pallavolo \u00e8 uno sport pulito, non violento e i palazzetti sono frequentati dalle famiglie. Sono quattro stagioni che il Latina si \u2018supera\u2019 con risultati importanti, come due semifinali scudetto e due finali di coppe europee\u201d, spiega Rolando Cecchini.<\/p>\n<p style=\"text-align: justify;\">Intanto \u00e8 cominciata per i ragazzi di Plac\u00ec la seconda settimana di preparazione. Solo una giornata di riposo, domenica, e si \u00e8 tornati a lavorare sodo in palestra. C\u2019\u00e8 da recuperare in fretta la condizione non tralasciando la tecnica. Si prosegue quindi sul potenziamento in sala pesi, \u201cTRX\u201d presso il Palafitnes, \u201cMetabolico\u201d al Palabeach\u201d e in Piscina con i preparatori atletici Glauco Ranocchi e Nicolangelo Antonicelli, mentre per la parte tecnica si utilizza il PalaBianchini. Tutto intervallato da periodici test medici coordinate da Amedeo Verri insieme all\u2019ortopedico Gianluca Martini, al cardiologo Damiano Coletta, al podologo Alessandro Russo, all\u2019osteopata Giacinta Milita e ai fisioterapisti Elio Paolini e Davide Ghisa.<\/p>\n<p style=\"text-align: justify;\">Senza il tecnico Cammillo Plac\u00ec, che si \u00e8 aggregato alla nazionale della Serbia per preparare l\u2019Europeo, sono Marco Franchi e Martin Blanco Costa con lo scout man Maurizio Cibba a guidare la parte tecnica. A disposizione 10 atleti: i palleggiatori Dante Boninfante e Davis Krumins; gli opposti Nikolay Pavlov e Simon Hirsch; i centrali Andrea Rossi e Andrea Mattei; gli schiacciatori Gabriele Maruotti, Daniele Tailli e Paul Ferenciac; il libero Roberto Romiti. Mancano all\u2019appello impegnati nelle rispettive nazionali in preparazione dell\u2019Europeo, lo schiacciatore sloveno Alen Sket e il centrale bulgaro Viktor Yosifov.<\/p>\n<p style=\"text-align: justify;\">\u201cSiamo alla seconda settimana e ancora sono allenamenti con la grossa presenza tecnica, con un ritmo non altissimo. \u00c8 un periodo di lavoro fondamentale, non abbiamo ancora iniziato a saltare, dove si predilige la qualit\u00e0 &#8211; spiega Marco Franchi &#8211; \u00a0Quindi \u00e8 normale che in questo momento si vede un po\u2019 di stanchezza. L\u2019intensit\u00e0 degli allenamenti porta a evidenziare questi fattori. Stiamo cercando di capire i vari livelli adattati ai singoli. Con Martin dobbiamo portare avanti il lavoro fino all\u2019arrivo di Camillo che sar\u00e0 a ridosso del campionato. Siamo all\u2019inizio ci dobbiamo conoscere, ma siamo molto ottimisti perch\u00e9 abbiamo giocatori d\u2019esperienza e di qualit\u00e0\u201d.<\/p>\n<p>&nbsp;<\/p>\n<div class=\"radio-posizionamento-telefono-in-articoli-dopo-il-contenuto-articolo radio-entity-placement\" id=\"radio-723421625\"><div id=\"radio-3788158287\"><a href=\"https:\/\/grupporedi.it\/\" aria-label=\"Redi-Qr\"><img loading=\"lazy\" decoding=\"async\" src=\"https:\/\/www.radioluna.it\/news\/wp-content\/uploads\/2026\/03\/Redi-Qr.jpg\" alt=\"\"  srcset=\"https:\/\/www.radioluna.it\/news\/wp-content\/uploads\/2026\/03\/Redi-Qr.jpg 800w, https:\/\/www.radioluna.it\/news\/wp-content\/uploads\/2026\/03\/Redi-Qr-768x639.jpg 768w\" sizes=\"(max-width: 800px) 100vw, 800px\" width=\"300\" height=\"250\"   \/><\/a><\/div><\/div>","protected":false},"excerpt":{"rendered":"<p>LATINA &#8211;\u00a0Si rinnova l\u2019accordo tra la Top Volley e \u201cAcqua &amp; Sapone\u201d anche per la stagione 2015-16. &#8220;Un binomio che dura grazie ai successi di entrambi i gruppi, proiettati in un ottica sempre pi\u00f9 nazionale&#8221;, dicono dalla Top che dopo la stagione \u201crivelazione\u201d dello scorso anno si \u00e8 rivelata un&#8217;ottima vetrina per i suoi partner [&hellip;]<\/p>\n","protected":false},"author":62,"featured_media":168485,"comment_status":"open","ping_status":"closed","sticky":false,"template":"","format":"standard","meta":{"footnotes":""},"categories":[17],"tags":[],"class_list":["post-168484","post","type-post","status-publish","format-standard","has-post-thumbnail","hentry","category-sport"],"_links":{"self":[{"href":"https:\/\/www.radioluna.it\/news\/wp-json\/wp\/v2\/posts\/168484","targetHints":{"allow":["GET"]}}],"collection":[{"href":"https:\/\/www.radioluna.it\/news\/wp-json\/wp\/v2\/posts"}],"about":[{"href":"https:\/\/www.radioluna.it\/news\/wp-json\/wp\/v2\/types\/post"}],"author":[{"embeddable":true,"href":"https:\/\/www.radioluna.it\/news\/wp-json\/wp\/v2\/users\/62"}],"replies":[{"embeddable":true,"href":"https:\/\/www.radioluna.it\/news\/wp-json\/wp\/v2\/comments?post=168484"}],"version-history":[{"count":0,"href":"https:\/\/www.radioluna.it\/news\/wp-json\/wp\/v2\/posts\/168484\/revisions"}],"wp:featuredmedia":[{"embeddable":true,"href":"https:\/\/www.radioluna.it\/news\/wp-json\/wp\/v2\/media\/168485"}],"wp:attachment":[{"href":"https:\/\/www.radioluna.it\/news\/wp-json\/wp\/v2\/media?parent=168484"}],"wp:term":[{"taxonomy":"category","embeddable":true,"href":"https:\/\/www.radioluna.it\/news\/wp-json\/wp\/v2\/categories?post=168484"},{"taxonomy":"post_tag","embeddable":true,"href":"https:\/\/www.radioluna.it\/news\/wp-json\/wp\/v2\/tags?post=168484"}],"curies":[{"name":"wp","href":"https:\/\/api.w.org\/{rel}","templated":true}]}}