{"id":168496,"date":"2015-09-11T18:00:25","date_gmt":"2015-09-11T16:00:25","guid":{"rendered":"http:\/\/www.radioluna.it\/news\/?p=168496"},"modified":"2015-09-11T18:17:35","modified_gmt":"2015-09-11T16:17:35","slug":"scontro-sullappia-tra-una-moto-e-un-ciclomotore-un-morto-e-un-ferito-grave","status":"publish","type":"post","link":"https:\/\/www.radioluna.it\/news\/2015\/09\/scontro-sullappia-tra-una-moto-e-un-ciclomotore-un-morto-e-un-ferito-grave\/","title":{"rendered":"Incidenti stradali, pedone falciato da un furgone in via Rossetti a Latina"},"content":{"rendered":"<div id=\"fb-root\"><\/div>\n<p style=\"text-align: justify;\"><a href=\"http:\/\/www.radioluna.it\/news\/wp-content\/uploads\/2015\/09\/IMG-20150910-WA00371.jpg\"><img loading=\"lazy\" decoding=\"async\" class=\"aligncenter size-thumbnail wp-image-168506\" src=\"http:\/\/www.radioluna.it\/news\/wp-content\/uploads\/2015\/09\/IMG-20150910-WA00371-635x422.jpg\" alt=\"IMG-20150910-WA0037\" width=\"635\" height=\"422\" srcset=\"https:\/\/www.radioluna.it\/news\/wp-content\/uploads\/2015\/09\/IMG-20150910-WA00371-635x422.jpg 635w, https:\/\/www.radioluna.it\/news\/wp-content\/uploads\/2015\/09\/IMG-20150910-WA00371-768x511.jpg 768w, https:\/\/www.radioluna.it\/news\/wp-content\/uploads\/2015\/09\/IMG-20150910-WA00371-500x333.jpg 500w, https:\/\/www.radioluna.it\/news\/wp-content\/uploads\/2015\/09\/IMG-20150910-WA00371-600x400.jpg 600w, https:\/\/www.radioluna.it\/news\/wp-content\/uploads\/2015\/09\/IMG-20150910-WA00371-300x200.jpg 300w, https:\/\/www.radioluna.it\/news\/wp-content\/uploads\/2015\/09\/IMG-20150910-WA00371-1024x681.jpg 1024w, https:\/\/www.radioluna.it\/news\/wp-content\/uploads\/2015\/09\/IMG-20150910-WA00371-800x532.jpg 800w, https:\/\/www.radioluna.it\/news\/wp-content\/uploads\/2015\/09\/IMG-20150910-WA00371.jpg 1000w\" sizes=\"auto, (max-width: 635px) 100vw, 635px\" \/><\/a><\/p>\n<p style=\"text-align: justify;\"><strong>LATINA-<\/strong> E&#8217; di due morti e tre feriti il bilancio di tre diversi incidenti stradali avvenuti in provincia di Latina nel giro di pochissime ore. Oggi pomeriggio sull&#8217;Appia all&#8217;altezza di Monte San Biagio il conducente di una moto Ape, Antonio Casale di 78 anni, \u00e8 morto a seguito di uno scontro con una moto condotta da un ragazzo che \u00e8 rimasto gravemente ferito e che si trova ricoverato in condizioni molto delicate al San Camillo di Roma. Un altro dramma questa sera alle 21\u00a0 a Latina in via Rossetti, un pedone di origine romena di 55 anni, \u00e8 stato investito da un furgone Opel condotto da un uomo che si \u00e8 fermato per prestare i soccorsi. Il pedone, nonostante un tentativo di rianimazione durato oltre venti minuti da parte del personale de 118,\u00a0 \u00e8 morto. In base a quanto si \u00e8 appreso la vitima era residente a Latina. L&#8217;incidente \u00e8 avvenuto sul rettilineo di via Rossetti, poco prima del semaforo con via Don Torello in una zona completamente buia. La dinamica dell&#8217;incidente \u00e8 in fase di ricostruzione da parte della polizia stradale che \u00e8 rimasta a lungo insieme alla Volante sul luogo dell&#8217;incidente.\u00a0 Ieri sera infine una ragazza di Sezze \u00e8 rimasta seriamente ferita in un altro incidente stradale avvenuto sulla Migliara 51 al confine tra i comuni di Priverno e Pontinia. (nella foto di Radioluna l&#8217;incidente avvenuto in via Rossetti a Latina)<\/p>\n<p style=\"text-align: justify;\">\n","protected":false},"excerpt":{"rendered":"<p>LATINA- E&#8217; di due morti e tre feriti il bilancio di tre diversi incidenti stradali avvenuti in provincia di Latina nel giro di pochissime ore. Oggi pomeriggio sull&#8217;Appia all&#8217;altezza di Monte San Biagio il conducente di una moto Ape, Antonio Casale di 78 anni, \u00e8 morto a seguito di uno scontro con una moto condotta [&hellip;]<\/p>\n","protected":false},"author":60,"featured_media":168512,"comment_status":"open","ping_status":"closed","sticky":false,"template":"","format":"standard","meta":{"footnotes":""},"categories":[7],"tags":[],"class_list":["post-168496","post","type-post","status-publish","format-standard","has-post-thumbnail","hentry","category-cronaca"],"_links":{"self":[{"href":"https:\/\/www.radioluna.it\/news\/wp-json\/wp\/v2\/posts\/168496","targetHints":{"allow":["GET"]}}],"collection":[{"href":"https:\/\/www.radioluna.it\/news\/wp-json\/wp\/v2\/posts"}],"about":[{"href":"https:\/\/www.radioluna.it\/news\/wp-json\/wp\/v2\/types\/post"}],"author":[{"embeddable":true,"href":"https:\/\/www.radioluna.it\/news\/wp-json\/wp\/v2\/users\/60"}],"replies":[{"embeddable":true,"href":"https:\/\/www.radioluna.it\/news\/wp-json\/wp\/v2\/comments?post=168496"}],"version-history":[{"count":0,"href":"https:\/\/www.radioluna.it\/news\/wp-json\/wp\/v2\/posts\/168496\/revisions"}],"wp:featuredmedia":[{"embeddable":true,"href":"https:\/\/www.radioluna.it\/news\/wp-json\/wp\/v2\/media\/168512"}],"wp:attachment":[{"href":"https:\/\/www.radioluna.it\/news\/wp-json\/wp\/v2\/media?parent=168496"}],"wp:term":[{"taxonomy":"category","embeddable":true,"href":"https:\/\/www.radioluna.it\/news\/wp-json\/wp\/v2\/categories?post=168496"},{"taxonomy":"post_tag","embeddable":true,"href":"https:\/\/www.radioluna.it\/news\/wp-json\/wp\/v2\/tags?post=168496"}],"curies":[{"name":"wp","href":"https:\/\/api.w.org\/{rel}","templated":true}]}}