{"id":168526,"date":"2015-09-11T15:24:50","date_gmt":"2015-09-11T13:24:50","guid":{"rendered":"http:\/\/www.radioluna.it\/news\/?p=168526"},"modified":"2015-09-11T15:24:50","modified_gmt":"2015-09-11T13:24:50","slug":"e-pronta-la-app-per-conoscere-e-visitare-la-provincia-di-latina","status":"publish","type":"post","link":"https:\/\/www.radioluna.it\/news\/2015\/09\/e-pronta-la-app-per-conoscere-e-visitare-la-provincia-di-latina\/","title":{"rendered":"E&#8217; pronta la app per conoscere e visitare la provincia di Latina"},"content":{"rendered":"<div id=\"fb-root\"><\/div>\n<p style=\"text-align: justify;\"><strong><a href=\"http:\/\/www.radioluna.it\/news\/wp-content\/uploads\/2014\/10\/foro-appio-Davide-Corelli.jpg\"><img loading=\"lazy\" decoding=\"async\" class=\"aligncenter size-thumbnail wp-image-156268\" src=\"http:\/\/www.radioluna.it\/news\/wp-content\/uploads\/2014\/10\/foro-appio-Davide-Corelli-635x357.jpg\" alt=\"foro appio (Davide Corelli)\" width=\"635\" height=\"357\" srcset=\"https:\/\/www.radioluna.it\/news\/wp-content\/uploads\/2014\/10\/foro-appio-Davide-Corelli-635x357.jpg 635w, https:\/\/www.radioluna.it\/news\/wp-content\/uploads\/2014\/10\/foro-appio-Davide-Corelli-300x169.jpg 300w, https:\/\/www.radioluna.it\/news\/wp-content\/uploads\/2014\/10\/foro-appio-Davide-Corelli-768x432.jpg 768w, https:\/\/www.radioluna.it\/news\/wp-content\/uploads\/2014\/10\/foro-appio-Davide-Corelli-500x281.jpg 500w, https:\/\/www.radioluna.it\/news\/wp-content\/uploads\/2014\/10\/foro-appio-Davide-Corelli-800x450.jpg 800w, https:\/\/www.radioluna.it\/news\/wp-content\/uploads\/2014\/10\/foro-appio-Davide-Corelli.jpg 960w\" sizes=\"auto, (max-width: 635px) 100vw, 635px\" \/><\/a>LATINA &#8211;<\/strong> E&#8217; pronta\u00a0la prima applicazione per smartphone \u00a0di promozione turistica della provincia di Latina. E&#8217; gi\u00e0 scaricabile e avr\u00e0 il suo debutto a Milano dove Unindustria Latina, capofila del progetto Explora Latina, la presenter\u00e0 all&#8217;Exp\u00f2 il\u00a016 settembre 2015 dalle 16 a Palazzo Italia nell\u2019ambito del convegno \u201cViversano quotidiano alimentazione corretta ed eccellenze locali\u201d organizzato in collaborazione con la Abbott.<\/p>\n<p style=\"text-align: justify;\">Disponibile gratuitamente su apple store e google play, l\u2019App Explora Latina (realizzata dalla pontina Exaltech) consente agli utenti di visualizzare sul proprio smartphone le informazioni utili per conoscere e visitare i siti storici, culturali e naturalistici della provincia di Latina &#8211; spiegano da Unindustria &#8211; \u00a0L\u2019interfaccia grafica dell\u2019App consente agli utenti di visualizzare direttamente sul proprio smartphone i punti d\u2019interesse e di guidare l\u2019utente fino al sito prescelto, grazie alla localizzazione Gps. La sezione Eventi consente invece di essere sempre aggiornati su iniziative e manifestazioni culturali, enogastronomiche e sportive della provincia.<\/p>\n<p style=\"text-align: justify;\">Il Presidente di Unindustria Latina Fabio Miraglia: &#8220;Un&#8217; iniziativa concreta per lo sviluppo del marketing territoriale&#8221;. All\u2019evento di Milano sar\u00e0 presente anche la Presidente della Provincia di Latina, Eleonora Della Penna.<\/p>\n<p style=\"text-align: justify;\">Per scaricare\u00a0l\u2019app:\u00a0www.exploralatina.com<\/p>\n","protected":false},"excerpt":{"rendered":"<p>LATINA &#8211; E&#8217; pronta\u00a0la prima applicazione per smartphone \u00a0di promozione turistica della provincia di Latina. E&#8217; gi\u00e0 scaricabile e avr\u00e0 il suo debutto a Milano dove Unindustria Latina, capofila del progetto Explora Latina, la presenter\u00e0 all&#8217;Exp\u00f2 il\u00a016 settembre 2015 dalle 16 a Palazzo Italia nell\u2019ambito del convegno \u201cViversano quotidiano alimentazione corretta ed eccellenze locali\u201d organizzato [&hellip;]<\/p>\n","protected":false},"author":62,"featured_media":156268,"comment_status":"open","ping_status":"closed","sticky":false,"template":"","format":"standard","meta":{"footnotes":""},"categories":[735],"tags":[],"class_list":["post-168526","post","type-post","status-publish","format-standard","has-post-thumbnail","hentry","category-attualita"],"_links":{"self":[{"href":"https:\/\/www.radioluna.it\/news\/wp-json\/wp\/v2\/posts\/168526","targetHints":{"allow":["GET"]}}],"collection":[{"href":"https:\/\/www.radioluna.it\/news\/wp-json\/wp\/v2\/posts"}],"about":[{"href":"https:\/\/www.radioluna.it\/news\/wp-json\/wp\/v2\/types\/post"}],"author":[{"embeddable":true,"href":"https:\/\/www.radioluna.it\/news\/wp-json\/wp\/v2\/users\/62"}],"replies":[{"embeddable":true,"href":"https:\/\/www.radioluna.it\/news\/wp-json\/wp\/v2\/comments?post=168526"}],"version-history":[{"count":0,"href":"https:\/\/www.radioluna.it\/news\/wp-json\/wp\/v2\/posts\/168526\/revisions"}],"wp:featuredmedia":[{"embeddable":true,"href":"https:\/\/www.radioluna.it\/news\/wp-json\/wp\/v2\/media\/156268"}],"wp:attachment":[{"href":"https:\/\/www.radioluna.it\/news\/wp-json\/wp\/v2\/media?parent=168526"}],"wp:term":[{"taxonomy":"category","embeddable":true,"href":"https:\/\/www.radioluna.it\/news\/wp-json\/wp\/v2\/categories?post=168526"},{"taxonomy":"post_tag","embeddable":true,"href":"https:\/\/www.radioluna.it\/news\/wp-json\/wp\/v2\/tags?post=168526"}],"curies":[{"name":"wp","href":"https:\/\/api.w.org\/{rel}","templated":true}]}}