{"id":168532,"date":"2015-09-11T18:09:07","date_gmt":"2015-09-11T16:09:07","guid":{"rendered":"http:\/\/www.radioluna.it\/news\/?p=168532"},"modified":"2015-09-11T18:09:07","modified_gmt":"2015-09-11T16:09:07","slug":"due-cantanti-di-latina-nel-talent-di-rai-1-ti-lascio-una-canzone","status":"publish","type":"post","link":"https:\/\/www.radioluna.it\/news\/2015\/09\/due-cantanti-di-latina-nel-talent-di-rai-1-ti-lascio-una-canzone\/","title":{"rendered":"Due cantanti di Latina nel talent di Rai 1 \u201cTi lascio una canzone\u201d"},"content":{"rendered":"<div id=\"fb-root\"><\/div>\n<p>&nbsp;<\/p>\n<p style=\"text-align: justify;\"><strong><a href=\"http:\/\/www.radioluna.it\/news\/wp-content\/uploads\/2015\/09\/Simone-Iue.jpg\"><img loading=\"lazy\" decoding=\"async\" class=\" size-full wp-image-168533 alignleft\" src=\"http:\/\/www.radioluna.it\/news\/wp-content\/uploads\/2015\/09\/Simone-Iue.jpg\" alt=\"Simone Iue\" width=\"320\" height=\"479\" srcset=\"https:\/\/www.radioluna.it\/news\/wp-content\/uploads\/2015\/09\/Simone-Iue.jpg 320w, https:\/\/www.radioluna.it\/news\/wp-content\/uploads\/2015\/09\/Simone-Iue-200x300.jpg 200w, https:\/\/www.radioluna.it\/news\/wp-content\/uploads\/2015\/09\/Simone-Iue-300x449.jpg 300w\" sizes=\"auto, (max-width: 320px) 100vw, 320px\" \/><\/a>LATINA<\/strong> &#8211; Sono pontini doc, i due concorrenti della nuova edizione del talent di Antonella Clerici \u201cTi lascio una canzone\u201d in onda, a partire da domani, ogni sabato sera dalle ore 21.10 su Rai 1.<\/p>\n<p style=\"text-align: justify;\">Simone Coppi e Simone Iu\u00e8 si sono formati artisticamente presso L\u2019Anfiteatro Spettacolo di Danilo De Paola e Valeria Vallone, con la Direzione artistica di Luca Velletri. I due talenti di Latina hanno al loro attivo molte esperienze formative importanti, tra cui la vittoria nelle categorie Juniores ed Allievi nella prima e nella seconda edizione del concorso canoro The New Voice, di cui L\u2019Anfiteatro sta gi\u00e0 preparando la terza edizione, e dal quale tre anni fa \u00e8 uscito vincitore nella categoria Senior anche Esteban Morales, nell\u2019ultima stagione di Amici, su Canale 5.<\/p>\n<p style=\"text-align: justify;\">L\u2019Anfiteatro Spettacolo, che quest\u2019anno compie 20 anni di attivit\u00e0, \u00e8 una realt\u00e0 consolidata sul territorio pontino,\u00a0\u201cquello che insegniamo a L\u2019Anfiteatro \u00e8 l\u2019importanza di una preparazione costante e trasversale \u2013 spiega Luca Velletri, direttore artistico della scuola di viale Kennedy e Vocal coach di Ti lascio una canzone \u2013 quindi lavoriamo non soltanto sulle competenze tecniche, ma soprattutto sulla mentalit\u00e0, sull\u2019approccio che chi vuole fare questo mestiere deve necessariamente imparare. Un aspetto a cui teniamo molto \u00e8 la sana competizione, che significa non invidiare l\u2019altro o sgomitare per emergere, ma piuttosto collaborare, rispettare e apprezzare l\u2019altro cercando di migliorare se stessi sempre di pi\u00f9 e senza invidia. Simone Coppi e Simone Iu\u00e8 ad esempio, sono davvero amici, e lo sono diventate anche le mamme, e questo \u00e8 lo spirito che non deve mai mancare per poter dare il massimo. Simone Iu\u00e8, \u00e8 passato quest\u2019anno dopo tre tentativi, sebbene avesse gi\u00e0 lavorato per la Clementoni e avesse cominciato la sua collaborazione con la Disney italiana. Si \u00e8 messo a studiare ancora di pi\u00f9, con tenacia, perseveranza e passione, cos\u00ec come lavorano gli insegnanti. E il duro lavoro lo ha premiato.\u201d<\/p>\n<div class=\"radio-posizionamento-telefono-in-articoli-dopo-il-contenuto-articolo radio-entity-placement\" id=\"radio-2762317607\"><div id=\"radio-776835263\" style=\"width: 300px;height: 250px;\"><a href=\"https:\/\/www.icarspa.it\/auto\/usate\/latina\/\" aria-label=\"banner aprile icar new life &#8211; auto usate latina\"><img loading=\"lazy\" decoding=\"async\" src=\"https:\/\/www.radioluna.it\/news\/wp-content\/uploads\/2026\/02\/banner-aprile-icar-new-life-auto-usate-latina.gif\" alt=\"\"  width=\"300\" height=\"250\"   \/><\/a><\/div><\/div>","protected":false},"excerpt":{"rendered":"<p>&nbsp; LATINA &#8211; Sono pontini doc, i due concorrenti della nuova edizione del talent di Antonella Clerici \u201cTi lascio una canzone\u201d in onda, a partire da domani, ogni sabato sera dalle ore 21.10 su Rai 1. Simone Coppi e Simone Iu\u00e8 si sono formati artisticamente presso L\u2019Anfiteatro Spettacolo di Danilo De Paola e Valeria Vallone, [&hellip;]<\/p>\n","protected":false},"author":60,"featured_media":168533,"comment_status":"open","ping_status":"closed","sticky":false,"template":"","format":"standard","meta":{"footnotes":""},"categories":[15],"tags":[],"class_list":["post-168532","post","type-post","status-publish","format-standard","has-post-thumbnail","hentry","category-cultura"],"_links":{"self":[{"href":"https:\/\/www.radioluna.it\/news\/wp-json\/wp\/v2\/posts\/168532","targetHints":{"allow":["GET"]}}],"collection":[{"href":"https:\/\/www.radioluna.it\/news\/wp-json\/wp\/v2\/posts"}],"about":[{"href":"https:\/\/www.radioluna.it\/news\/wp-json\/wp\/v2\/types\/post"}],"author":[{"embeddable":true,"href":"https:\/\/www.radioluna.it\/news\/wp-json\/wp\/v2\/users\/60"}],"replies":[{"embeddable":true,"href":"https:\/\/www.radioluna.it\/news\/wp-json\/wp\/v2\/comments?post=168532"}],"version-history":[{"count":0,"href":"https:\/\/www.radioluna.it\/news\/wp-json\/wp\/v2\/posts\/168532\/revisions"}],"wp:featuredmedia":[{"embeddable":true,"href":"https:\/\/www.radioluna.it\/news\/wp-json\/wp\/v2\/media\/168533"}],"wp:attachment":[{"href":"https:\/\/www.radioluna.it\/news\/wp-json\/wp\/v2\/media?parent=168532"}],"wp:term":[{"taxonomy":"category","embeddable":true,"href":"https:\/\/www.radioluna.it\/news\/wp-json\/wp\/v2\/categories?post=168532"},{"taxonomy":"post_tag","embeddable":true,"href":"https:\/\/www.radioluna.it\/news\/wp-json\/wp\/v2\/tags?post=168532"}],"curies":[{"name":"wp","href":"https:\/\/api.w.org\/{rel}","templated":true}]}}