{"id":168536,"date":"2015-09-11T18:33:33","date_gmt":"2015-09-11T16:33:33","guid":{"rendered":"http:\/\/www.radioluna.it\/news\/?p=168536"},"modified":"2015-09-11T18:33:33","modified_gmt":"2015-09-11T16:33:33","slug":"giovanni-amuro-nuovo-presidente-di-ascom-terracina","status":"publish","type":"post","link":"https:\/\/www.radioluna.it\/news\/2015\/09\/giovanni-amuro-nuovo-presidente-di-ascom-terracina\/","title":{"rendered":"Giovanni Amuro nuovo Presidente di Ascom Terracina"},"content":{"rendered":"<div id=\"fb-root\"><\/div>\n<p style=\"text-align: justify;\"><strong><a href=\"http:\/\/www.radioluna.it\/news\/wp-content\/uploads\/2015\/09\/confcommercio.jpg\"><img loading=\"lazy\" decoding=\"async\" class=\"aligncenter size-thumbnail wp-image-168537\" src=\"http:\/\/www.radioluna.it\/news\/wp-content\/uploads\/2015\/09\/confcommercio-635x385.jpg\" alt=\"confcommercio\" width=\"635\" height=\"385\" srcset=\"https:\/\/www.radioluna.it\/news\/wp-content\/uploads\/2015\/09\/confcommercio-635x385.jpg 635w, https:\/\/www.radioluna.it\/news\/wp-content\/uploads\/2015\/09\/confcommercio-500x303.jpg 500w, https:\/\/www.radioluna.it\/news\/wp-content\/uploads\/2015\/09\/confcommercio-300x182.jpg 300w, https:\/\/www.radioluna.it\/news\/wp-content\/uploads\/2015\/09\/confcommercio.jpg 640w\" sizes=\"auto, (max-width: 635px) 100vw, 635px\" \/><\/a>LATINA<\/strong>&#8211;\u00a0\u00a0La nomina di Giovanni Amuro alla Presidenza dell\u2019Ascom di Terracina accelera il Progetto di Riorganizzazione Territoriale e politico\u2013sindacale delle strutture promossa da Confcommercio Latina.<\/p>\n<p style=\"text-align: justify;\">Il neo Presidente Amuro ha sottolineato infatti, la volont\u00e0 di porre al centro dell&#8217;attivit\u00e0 dell&#8217;Ascom di Terracina la valorizzazione di tutte le imprese per il rilancio di una delle citt\u00e0 pi\u00f9 belle del Territorio.<\/p>\n<p style=\"text-align: justify;\">La nomina \u00e8 avvenuta dopo un intervento introduttivo del Vice Presidente Confcommercio Imprese per l\u2019Italia Provincia di Latina, Giovanni Acampora, con delega all\u2019Organizzazione e i Servizi e Presidente del CAT e il Vice Presidente Italo Di Cocco, con delega alla Riorganizzazione Politico Sindacale, alla presenza del Direttore Salvatore di Cecca. A seguire, sono stati presentati una serie di progetti e servizi innovativi di CAT, illustrati nello specifico dalla Dott.ssa Antonia Cincioni. il Vice Presidente Acampora nel portare all&#8217;Assemblea il saluto del Presidente Zottola, ha brevemente illustrato il percorso di riorganizzazione e di rilancio che da sei mesi e&#8217; in atto sia in Confcommercio Provincia di Latina sia nel CAT; un percorso caratterizzato da un coinvolgimento dei territori e delle imprese per una maggiore incisivit\u00e0 dell&#8217;azione della Confcommercio Latina e dalla progettazione ed erogazione di servizi e supporti alle imprese, in materia di formazione, finanza agevolata, consulenze per la competitivit\u00e0 e l&#8217;innovazione organizzativa, nonch\u00e9 un sistema di supporto per permettere alle imprese di cogliere tutte le opportunit\u00e0 offerte dalla Programmazione regionale, nazionale ed europea. Concludendo Acampora, ha ribadito l&#8217;importanza del rafforzamento sul territorio della Confcommercio Provincia di Latina e di quest&#8217;ultima nei suoi rapporti con la Confederazione Nazionale. Un passaggio che rientra in un pi\u00f9 generale processo di semplificazione e concentrazione di tutte le Ascom, con l\u2019obiettivo di facilitare i percorsi di innovazione e competitivit\u00e0 delle imprese , nonch\u00e9 lo sviluppo locale integrato attraverso un costante rapporto con le Istituzioni e gli Enti Locali.<\/p>\n<p style=\"text-align: justify;\">Un modello organizzativo e gestionale quello prescelto che favorir\u00e0, oltre ad una presenza qualificata e capillare della struttura organizzativa, una possibilit\u00e0 per i vari sindacati di avere punti di riferimento per area geografica, all\u2019interno dei quali confrontarsi sulle tematiche specifiche di settore e di territorio. La Confcommercio Imprese per l\u2019Italia Provincia di Latina, attraverso il suo Presidente Vincenzo Zottola, ringrazia il Presidente uscente dell&#8217;Ascom di Terracina Francesco Pezzano ed esprime le sue pi\u00f9 sentite congratulazioni al neo Presidente, Giovanni Amuro augurandogli un buon lavoro.<\/p>\n","protected":false},"excerpt":{"rendered":"<p>LATINA&#8211;\u00a0\u00a0La nomina di Giovanni Amuro alla Presidenza dell\u2019Ascom di Terracina accelera il Progetto di Riorganizzazione Territoriale e politico\u2013sindacale delle strutture promossa da Confcommercio Latina. Il neo Presidente Amuro ha sottolineato infatti, la volont\u00e0 di porre al centro dell&#8217;attivit\u00e0 dell&#8217;Ascom di Terracina la valorizzazione di tutte le imprese per il rilancio di una delle citt\u00e0 pi\u00f9 [&hellip;]<\/p>\n","protected":false},"author":60,"featured_media":168537,"comment_status":"open","ping_status":"closed","sticky":false,"template":"","format":"standard","meta":{"footnotes":""},"categories":[11],"tags":[],"class_list":["post-168536","post","type-post","status-publish","format-standard","has-post-thumbnail","hentry","category-economia"],"_links":{"self":[{"href":"https:\/\/www.radioluna.it\/news\/wp-json\/wp\/v2\/posts\/168536","targetHints":{"allow":["GET"]}}],"collection":[{"href":"https:\/\/www.radioluna.it\/news\/wp-json\/wp\/v2\/posts"}],"about":[{"href":"https:\/\/www.radioluna.it\/news\/wp-json\/wp\/v2\/types\/post"}],"author":[{"embeddable":true,"href":"https:\/\/www.radioluna.it\/news\/wp-json\/wp\/v2\/users\/60"}],"replies":[{"embeddable":true,"href":"https:\/\/www.radioluna.it\/news\/wp-json\/wp\/v2\/comments?post=168536"}],"version-history":[{"count":0,"href":"https:\/\/www.radioluna.it\/news\/wp-json\/wp\/v2\/posts\/168536\/revisions"}],"wp:featuredmedia":[{"embeddable":true,"href":"https:\/\/www.radioluna.it\/news\/wp-json\/wp\/v2\/media\/168537"}],"wp:attachment":[{"href":"https:\/\/www.radioluna.it\/news\/wp-json\/wp\/v2\/media?parent=168536"}],"wp:term":[{"taxonomy":"category","embeddable":true,"href":"https:\/\/www.radioluna.it\/news\/wp-json\/wp\/v2\/categories?post=168536"},{"taxonomy":"post_tag","embeddable":true,"href":"https:\/\/www.radioluna.it\/news\/wp-json\/wp\/v2\/tags?post=168536"}],"curies":[{"name":"wp","href":"https:\/\/api.w.org\/{rel}","templated":true}]}}