{"id":168560,"date":"2015-09-12T12:54:31","date_gmt":"2015-09-12T10:54:31","guid":{"rendered":"http:\/\/www.radioluna.it\/news\/?p=168560"},"modified":"2015-09-15T05:22:44","modified_gmt":"2015-09-15T03:22:44","slug":"latina-le-case-per-i-papa-occupate-da-famiglie-criminali-unassociazione-riapre-il-caso","status":"publish","type":"post","link":"https:\/\/www.radioluna.it\/news\/2015\/09\/latina-le-case-per-i-papa-occupate-da-famiglie-criminali-unassociazione-riapre-il-caso\/","title":{"rendered":"Latina, le case per i pap\u00e0 occupate da famiglie criminali. Un&#8217;associazione riapre il caso"},"content":{"rendered":"<div id=\"fb-root\"><\/div>\n<div dir=\"ltr\" style=\"text-align: justify;\"><strong><a href=\"http:\/\/www.radioluna.it\/news\/wp-content\/uploads\/2015\/09\/scipione.jpg\"><img loading=\"lazy\" decoding=\"async\" class=\"aligncenter size-thumbnail wp-image-168565\" src=\"http:\/\/www.radioluna.it\/news\/wp-content\/uploads\/2015\/09\/scipione-635x357.jpg\" alt=\"scipione\" width=\"635\" height=\"357\" srcset=\"https:\/\/www.radioluna.it\/news\/wp-content\/uploads\/2015\/09\/scipione-635x357.jpg 635w, https:\/\/www.radioluna.it\/news\/wp-content\/uploads\/2015\/09\/scipione-768x432.jpg 768w, https:\/\/www.radioluna.it\/news\/wp-content\/uploads\/2015\/09\/scipione-500x281.jpg 500w, https:\/\/www.radioluna.it\/news\/wp-content\/uploads\/2015\/09\/scipione-300x169.jpg 300w, https:\/\/www.radioluna.it\/news\/wp-content\/uploads\/2015\/09\/scipione-1024x576.jpg 1024w, https:\/\/www.radioluna.it\/news\/wp-content\/uploads\/2015\/09\/scipione-800x450.jpg 800w, https:\/\/www.radioluna.it\/news\/wp-content\/uploads\/2015\/09\/scipione.jpg 1000w\" sizes=\"auto, (max-width: 635px) 100vw, 635px\" \/><\/a>LATINA<\/strong> &#8211; Torna prepotentemente in primo piano in questi giorni una storia assurda, tutta latinense. E&#8217;\u00a0quella delle case per i pap\u00e0 separati, progetto ideato dall&#8217;assessore ai servizi sociali del Comune di Latina Patrizia Fanti e finanziato dalla Regione, bloccato perch\u00e9 non \u00e8 mai stato approvato il regolamento comunale che doveva fissare le norme per la gestione di tre appartamenti di propriet\u00e0 comunale che si trovano in Via Scipione l&#8217;Africano e che avrebbero dovuto essere destinati allo scopo. \u00a0Ma c&#8217;\u00e8 di pi\u00f9.<\/div>\n<div dir=\"ltr\" style=\"text-align: justify;\">Nell&#8217;inerzia dell&#8217;Amministrazione, le case sono state occupate (ovviamente non da pap\u00e0 separati) e parte degli arredi portati via senza che nessuno abbia mosso un dito. Dopo le numerose segnalazioni dell&#8217;ex assessore Fanti, la vicenda \u00e8 riportata alla luce oggi dall&#8217;associazione Adiantum che denuncia: \u201cQuegli appartamenti sono in mano a famiglie criminali locali\u201d.<\/div>\n<div dir=\"ltr\" style=\"text-align: justify;\">L&#8217;associazione spera nell&#8217;intervento del commissario Giacomo Barbato al quale spetterebbe il compito non solo di riprendere l&#8217;iter dove si era interrotto e approvare il regolamento, ma di verificare la legittimit\u00e0 del titolo in base al quale alcune famiglie si sono installate in quelle case, da chi e se sono state autorizzate da qualcuno, e eventualmente restituire gli alloggi alla loro destinazione originaria.<\/div>\n<div dir=\"ltr\" style=\"text-align: justify;\">&#8220;La casa con pap\u00e0 &#8211; spiega patrizia Fanti &#8211; doveva favorire i contatti dei padri separati e rimasti senza casa con i figli in un ambiente familiare. Con gli uffici abbiamo lavorato al progetto con grande entusiasmo, sono profondamente rammaricata per come sono andate le cose. C&#8217;\u00e8 stata una totale negligenza non so se voluta o non voluta, non spetta a me dirlo, ma hanno portato al fallimento un progetto utile alla citt\u00e0 e alle persone in difficolt\u00e0 in un momento oltretutto di grande crisi\u201d.<\/div>\n<div dir=\"ltr\">Un altro esempio di come la cattiva gestione della cosa pubblica possa favorire situazioni di pura illegalit\u00e0. Oltre allo sperpero di danaro (pubblico anche quello).<\/div>\n<div class=\"radio-posizionamento-telefono-in-articoli-dopo-il-contenuto-articolo radio-entity-placement\" id=\"radio-2268573974\"><div id=\"radio-1167665636\"><a href=\"https:\/\/www.simeoneceramiche.com\/\" aria-label=\"SIMEONE CERAMICHE GIF animata per radioluna_Tavola disegno 1 copia 2 (online-video-cutter.com)\"><img loading=\"lazy\" decoding=\"async\" src=\"https:\/\/www.radioluna.it\/news\/wp-content\/uploads\/2025\/05\/SIMEONE-CERAMICHE-GIF-animata-per-radioluna_Tavola-disegno-1-copia-2-online-video-cutter.com_.gif\" alt=\"\"  width=\"300\" height=\"250\"   \/><\/a><\/div><\/div>","protected":false},"excerpt":{"rendered":"<p>LATINA &#8211; Torna prepotentemente in primo piano in questi giorni una storia assurda, tutta latinense. E&#8217;\u00a0quella delle case per i pap\u00e0 separati, progetto ideato dall&#8217;assessore ai servizi sociali del Comune di Latina Patrizia Fanti e finanziato dalla Regione, bloccato perch\u00e9 non \u00e8 mai stato approvato il regolamento comunale che doveva fissare le norme per la [&hellip;]<\/p>\n","protected":false},"author":62,"featured_media":168565,"comment_status":"open","ping_status":"closed","sticky":false,"template":"","format":"standard","meta":{"footnotes":""},"categories":[7],"tags":[],"class_list":["post-168560","post","type-post","status-publish","format-standard","has-post-thumbnail","hentry","category-cronaca"],"_links":{"self":[{"href":"https:\/\/www.radioluna.it\/news\/wp-json\/wp\/v2\/posts\/168560","targetHints":{"allow":["GET"]}}],"collection":[{"href":"https:\/\/www.radioluna.it\/news\/wp-json\/wp\/v2\/posts"}],"about":[{"href":"https:\/\/www.radioluna.it\/news\/wp-json\/wp\/v2\/types\/post"}],"author":[{"embeddable":true,"href":"https:\/\/www.radioluna.it\/news\/wp-json\/wp\/v2\/users\/62"}],"replies":[{"embeddable":true,"href":"https:\/\/www.radioluna.it\/news\/wp-json\/wp\/v2\/comments?post=168560"}],"version-history":[{"count":0,"href":"https:\/\/www.radioluna.it\/news\/wp-json\/wp\/v2\/posts\/168560\/revisions"}],"wp:featuredmedia":[{"embeddable":true,"href":"https:\/\/www.radioluna.it\/news\/wp-json\/wp\/v2\/media\/168565"}],"wp:attachment":[{"href":"https:\/\/www.radioluna.it\/news\/wp-json\/wp\/v2\/media?parent=168560"}],"wp:term":[{"taxonomy":"category","embeddable":true,"href":"https:\/\/www.radioluna.it\/news\/wp-json\/wp\/v2\/categories?post=168560"},{"taxonomy":"post_tag","embeddable":true,"href":"https:\/\/www.radioluna.it\/news\/wp-json\/wp\/v2\/tags?post=168560"}],"curies":[{"name":"wp","href":"https:\/\/api.w.org\/{rel}","templated":true}]}}