{"id":168571,"date":"2015-09-12T19:11:09","date_gmt":"2015-09-12T17:11:09","guid":{"rendered":"http:\/\/www.radioluna.it\/news\/?p=168571"},"modified":"2015-09-12T19:11:09","modified_gmt":"2015-09-12T17:11:09","slug":"tutti-in-vigna-la-vendemmia-nei-terreni-confiscati-alla-camorra","status":"publish","type":"post","link":"https:\/\/www.radioluna.it\/news\/2015\/09\/tutti-in-vigna-la-vendemmia-nei-terreni-confiscati-alla-camorra\/","title":{"rendered":"&#8220;Tutti in vigna&#8221;, la vendemmia nei terreni confiscati alla camorra"},"content":{"rendered":"<div id=\"fb-root\"><\/div>\n<p style=\"text-align: justify;\"><strong><a href=\"http:\/\/www.radioluna.it\/news\/wp-content\/uploads\/2015\/09\/tutti_in_vigna_WEB.jpg\"><img loading=\"lazy\" decoding=\"async\" class=\" size-full wp-image-168572 alignleft\" src=\"http:\/\/www.radioluna.it\/news\/wp-content\/uploads\/2015\/09\/tutti_in_vigna_WEB.jpg\" alt=\"tutti_in_vigna_WEB\" width=\"189\" height=\"262\" \/><\/a>CISTERNA<\/strong> &#8211; A un anno di distanza torna \u201cTutti in Vigna\u201d. La manifestazione, giunta alla sua X edizione divenuta ormai un\u2019occasione di presenza civile contro la criminalit\u00e0, si svolger\u00e0 domenica, 13 settembre 2015, in localit\u00e0 Piano Rosso (in via della Curva). I terreni su cui avr\u00e0 luogo la vendemmia, sono quelli confiscati alla camorra nel Comune di Cisterna di Latina e riconvertiti per scopi sociali da parte della cooperativa \u201cIl Gabbiano\u201d.<\/p>\n<p style=\"text-align: justify;\">I partecipanti all\u2019iniziativa, avranno la possibilit\u00e0 di visitare il fondo agricolo, di passare qualche ora all\u2019aria aperta e vendemmiare tutti insieme.\u00a0Alle 13 \u00a0la cooperativa \u201cIl Gabbiano\u201d offrir\u00e0 a tutti un piatto di pasta.<\/p>\n<div class=\"radio-posizionamento-telefono-in-articoli-dopo-il-contenuto-articolo radio-entity-placement\" id=\"radio-477780530\"><div id=\"radio-1449601803\"><a href=\"https:\/\/grupporedi.it\/\" aria-label=\"Redi-Qr\"><img loading=\"lazy\" decoding=\"async\" src=\"https:\/\/www.radioluna.it\/news\/wp-content\/uploads\/2026\/03\/Redi-Qr.jpg\" alt=\"\"  srcset=\"https:\/\/www.radioluna.it\/news\/wp-content\/uploads\/2026\/03\/Redi-Qr.jpg 800w, https:\/\/www.radioluna.it\/news\/wp-content\/uploads\/2026\/03\/Redi-Qr-768x639.jpg 768w\" sizes=\"(max-width: 800px) 100vw, 800px\" width=\"300\" height=\"250\"   \/><\/a><\/div><\/div>","protected":false},"excerpt":{"rendered":"<p>CISTERNA &#8211; A un anno di distanza torna \u201cTutti in Vigna\u201d. La manifestazione, giunta alla sua X edizione divenuta ormai un\u2019occasione di presenza civile contro la criminalit\u00e0, si svolger\u00e0 domenica, 13 settembre 2015, in localit\u00e0 Piano Rosso (in via della Curva). I terreni su cui avr\u00e0 luogo la vendemmia, sono quelli confiscati alla camorra nel [&hellip;]<\/p>\n","protected":false},"author":60,"featured_media":168572,"comment_status":"open","ping_status":"closed","sticky":false,"template":"","format":"standard","meta":{"footnotes":""},"categories":[7],"tags":[],"class_list":["post-168571","post","type-post","status-publish","format-standard","has-post-thumbnail","hentry","category-cronaca"],"_links":{"self":[{"href":"https:\/\/www.radioluna.it\/news\/wp-json\/wp\/v2\/posts\/168571","targetHints":{"allow":["GET"]}}],"collection":[{"href":"https:\/\/www.radioluna.it\/news\/wp-json\/wp\/v2\/posts"}],"about":[{"href":"https:\/\/www.radioluna.it\/news\/wp-json\/wp\/v2\/types\/post"}],"author":[{"embeddable":true,"href":"https:\/\/www.radioluna.it\/news\/wp-json\/wp\/v2\/users\/60"}],"replies":[{"embeddable":true,"href":"https:\/\/www.radioluna.it\/news\/wp-json\/wp\/v2\/comments?post=168571"}],"version-history":[{"count":0,"href":"https:\/\/www.radioluna.it\/news\/wp-json\/wp\/v2\/posts\/168571\/revisions"}],"wp:featuredmedia":[{"embeddable":true,"href":"https:\/\/www.radioluna.it\/news\/wp-json\/wp\/v2\/media\/168572"}],"wp:attachment":[{"href":"https:\/\/www.radioluna.it\/news\/wp-json\/wp\/v2\/media?parent=168571"}],"wp:term":[{"taxonomy":"category","embeddable":true,"href":"https:\/\/www.radioluna.it\/news\/wp-json\/wp\/v2\/categories?post=168571"},{"taxonomy":"post_tag","embeddable":true,"href":"https:\/\/www.radioluna.it\/news\/wp-json\/wp\/v2\/tags?post=168571"}],"curies":[{"name":"wp","href":"https:\/\/api.w.org\/{rel}","templated":true}]}}