{"id":168573,"date":"2015-09-12T19:25:15","date_gmt":"2015-09-12T17:25:15","guid":{"rendered":"http:\/\/www.radioluna.it\/news\/?p=168573"},"modified":"2015-09-12T19:25:15","modified_gmt":"2015-09-12T17:25:15","slug":"catch-impro-comicita-e-improvvisazione-teatrale","status":"publish","type":"post","link":"https:\/\/www.radioluna.it\/news\/2015\/09\/catch-impro-comicita-e-improvvisazione-teatrale\/","title":{"rendered":"Catch Impr\u00f2, comicit\u00e0 e improvvisazione teatrale"},"content":{"rendered":"<div id=\"fb-root\"><\/div>\n<p><strong><a href=\"http:\/\/www.radioluna.it\/news\/wp-content\/uploads\/2015\/09\/catch-impro.jpg\"><img loading=\"lazy\" decoding=\"async\" class=\"aligncenter size-thumbnail wp-image-168574\" src=\"http:\/\/www.radioluna.it\/news\/wp-content\/uploads\/2015\/09\/catch-impro-635x486.jpg\" alt=\"catch impro\" width=\"635\" height=\"486\" srcset=\"https:\/\/www.radioluna.it\/news\/wp-content\/uploads\/2015\/09\/catch-impro-635x486.jpg 635w, https:\/\/www.radioluna.it\/news\/wp-content\/uploads\/2015\/09\/catch-impro-768x588.jpg 768w, https:\/\/www.radioluna.it\/news\/wp-content\/uploads\/2015\/09\/catch-impro-500x383.jpg 500w, https:\/\/www.radioluna.it\/news\/wp-content\/uploads\/2015\/09\/catch-impro-300x230.jpg 300w, https:\/\/www.radioluna.it\/news\/wp-content\/uploads\/2015\/09\/catch-impro-1024x784.jpg 1024w, https:\/\/www.radioluna.it\/news\/wp-content\/uploads\/2015\/09\/catch-impro-800x613.jpg 800w, https:\/\/www.radioluna.it\/news\/wp-content\/uploads\/2015\/09\/catch-impro.jpg 1000w\" sizes=\"auto, (max-width: 635px) 100vw, 635px\" \/><\/a><\/strong><\/p>\n<p style=\"text-align: justify;\"><strong>LATINA<\/strong> &#8211;\u00a0\u00c8 pronta a partire la nuova stagione di improvvisazione teatrale targata \u201cNova Urbs\u201d, l\u2019Associazione di Promozione Sociale che ha sede a Latina Scalo e che rappresenta la sede pontina di Improteatro, una rete nazionale che comprende pi\u00f9 di 30 associazioni dedite alla pratica del recitar improvvisando.<\/p>\n<p style=\"text-align: justify;\">Sabato 12 settembre, presso il Centro Musicale e Culturale, in via Don Minzoni 23 a Latina, andr\u00e0 in scena il primo spettacolo della stagione alle\u00a021.15.<\/p>\n<p style=\"text-align: justify;\">Catch Impr\u00f2 \u00e8 lo spettacolo di improvvisazione teatrale pi\u00f9 veloce e spericolato. Due squadre da 2 elementi, abbigliate in maniera simpatica e folle, ispirandosi in un certo senso alla tradizione dei luchadores messicani, si affrontano al centro di un ring domati da un arbitro implacabile, fino all\u2019ultima battuta. Le improvvisazioni partono sempre dai suggerimenti del pubblico e alla fine lo stesso pubblico determiner\u00e0 la squadra vincitrice.<\/p>\n<p style=\"text-align: justify;\">L\u2019appuntamento di sabato vedr\u00e0 fronteggiarsi, sotto gli occhi dell\u2019inflessibile arbitro Roberto Pompili, il team dei Nino&amp;Angela (Cristiana De Maio e Marco Bonfanti) a quello dei Pampers Focaccia (Alessio Granato e Roberto Rotondo). Sar\u00e0 il primo di tre appuntamenti dedicati al Catch Impr\u00f2 (le altre date saranno il 3 e 17 ottobre): un vero e proprio \u201ctorneo\u201d all\u2019insegna dello spettacolo e delle risate.<\/p>\n<p style=\"text-align: justify;\">Ingresso: 5 euro. Info e prevendita: Tel. 328.6850233; improvvisazione@novaurbs.org;<\/p>\n<p style=\"text-align: justify;\">Per gli appassionati di Improvvisazione Teatrale che desiderano cimentarsi in tale affascinante e divertente disciplina, \u00e8 pronto a partire il primo anno di corso della scuola nazionale di improvvisazione teatrale. Il corso partir\u00e0 ad ottobre, nel frattempo sono in programma due lezioni di prova gratuite. Le lezioni di prova si terranno il 15 e il 29 settembre alle ore 21:00 presso i locali del Centro Musicale e Culturale, via don Minzoni 23, Latina. Per info: 328.6850233 &#8211; email: improvvisazione@novaurbs.org<\/p>\n<div class=\"radio-posizionamento-telefono-in-articoli-dopo-il-contenuto-articolo radio-entity-placement\" id=\"radio-3805780019\"><div id=\"radio-822828212\" style=\"width: 300px;height: 250px;\"><a href=\"https:\/\/www.icarspa.it\/auto\/usate\/latina\/\" aria-label=\"banner aprile icar new life &#8211; auto usate latina\"><img loading=\"lazy\" decoding=\"async\" src=\"https:\/\/www.radioluna.it\/news\/wp-content\/uploads\/2026\/02\/banner-aprile-icar-new-life-auto-usate-latina.gif\" alt=\"\"  width=\"300\" height=\"250\"   \/><\/a><\/div><\/div>","protected":false},"excerpt":{"rendered":"<p>LATINA &#8211;\u00a0\u00c8 pronta a partire la nuova stagione di improvvisazione teatrale targata \u201cNova Urbs\u201d, l\u2019Associazione di Promozione Sociale che ha sede a Latina Scalo e che rappresenta la sede pontina di Improteatro, una rete nazionale che comprende pi\u00f9 di 30 associazioni dedite alla pratica del recitar improvvisando. Sabato 12 settembre, presso il Centro Musicale e [&hellip;]<\/p>\n","protected":false},"author":60,"featured_media":168574,"comment_status":"open","ping_status":"closed","sticky":false,"template":"","format":"standard","meta":{"footnotes":""},"categories":[16],"tags":[],"class_list":["post-168573","post","type-post","status-publish","format-standard","has-post-thumbnail","hentry","category-appuntamenti"],"_links":{"self":[{"href":"https:\/\/www.radioluna.it\/news\/wp-json\/wp\/v2\/posts\/168573","targetHints":{"allow":["GET"]}}],"collection":[{"href":"https:\/\/www.radioluna.it\/news\/wp-json\/wp\/v2\/posts"}],"about":[{"href":"https:\/\/www.radioluna.it\/news\/wp-json\/wp\/v2\/types\/post"}],"author":[{"embeddable":true,"href":"https:\/\/www.radioluna.it\/news\/wp-json\/wp\/v2\/users\/60"}],"replies":[{"embeddable":true,"href":"https:\/\/www.radioluna.it\/news\/wp-json\/wp\/v2\/comments?post=168573"}],"version-history":[{"count":0,"href":"https:\/\/www.radioluna.it\/news\/wp-json\/wp\/v2\/posts\/168573\/revisions"}],"wp:featuredmedia":[{"embeddable":true,"href":"https:\/\/www.radioluna.it\/news\/wp-json\/wp\/v2\/media\/168574"}],"wp:attachment":[{"href":"https:\/\/www.radioluna.it\/news\/wp-json\/wp\/v2\/media?parent=168573"}],"wp:term":[{"taxonomy":"category","embeddable":true,"href":"https:\/\/www.radioluna.it\/news\/wp-json\/wp\/v2\/categories?post=168573"},{"taxonomy":"post_tag","embeddable":true,"href":"https:\/\/www.radioluna.it\/news\/wp-json\/wp\/v2\/tags?post=168573"}],"curies":[{"name":"wp","href":"https:\/\/api.w.org\/{rel}","templated":true}]}}