{"id":168580,"date":"2015-09-14T08:50:12","date_gmt":"2015-09-14T06:50:12","guid":{"rendered":"http:\/\/www.radioluna.it\/news\/?p=168580"},"modified":"2015-09-14T13:31:30","modified_gmt":"2015-09-14T11:31:30","slug":"latina-case-dei-papa-e-case-ater-quel-vizio-tollerato-di-occupare-i-beni-sociali","status":"publish","type":"post","link":"https:\/\/www.radioluna.it\/news\/2015\/09\/latina-case-dei-papa-e-case-ater-quel-vizio-tollerato-di-occupare-i-beni-sociali\/","title":{"rendered":"Latina, case dei pap\u00e0 e case Ater, quel vizio tollerato di occupare i beni sociali"},"content":{"rendered":"<div id=\"fb-root\"><\/div>\n<div id=\"attachment_168581\" style=\"width: 539px\" class=\"wp-caption aligncenter\"><a href=\"http:\/\/www.radioluna.it\/news\/wp-content\/uploads\/2015\/09\/alloggi-murati-allater.jpg\"><img loading=\"lazy\" decoding=\"async\" aria-describedby=\"caption-attachment-168581\" class=\"size-full wp-image-168581\" src=\"http:\/\/www.radioluna.it\/news\/wp-content\/uploads\/2015\/09\/alloggi-murati-allater.jpg\" alt=\"La polizia fa murare l'appartamento Ater occupato da  Travali dopo lo sgombero \" width=\"529\" height=\"578\" srcset=\"https:\/\/www.radioluna.it\/news\/wp-content\/uploads\/2015\/09\/alloggi-murati-allater.jpg 529w, https:\/\/www.radioluna.it\/news\/wp-content\/uploads\/2015\/09\/alloggi-murati-allater-500x546.jpg 500w, https:\/\/www.radioluna.it\/news\/wp-content\/uploads\/2015\/09\/alloggi-murati-allater-275x300.jpg 275w, https:\/\/www.radioluna.it\/news\/wp-content\/uploads\/2015\/09\/alloggi-murati-allater-300x328.jpg 300w\" sizes=\"auto, (max-width: 529px) 100vw, 529px\" \/><\/a><p id=\"caption-attachment-168581\" class=\"wp-caption-text\">La polizia fa murare l&#8217;appartamento Ater occupato da Travali dopo lo sgombero<\/p><\/div>\n<p style=\"text-align: justify;\"><strong>LATINA<\/strong> &#8211;\u00a0Nuovi sconcertanti particolari emergono sulle case per i pap\u00e0 separati e in condizioni di disagio economico occupate abusivamente nel silenzio generale dell&#8217;Amministrazione comunale. Due dei tre appartamenti del Comune destinati al progetto mai decollato e per i quale sono stati spesi 220 mila euro, sono stati ottenuti grazie ad una permuta con il costruttore Massimo Riccardo: il costruttore ha avuto in cambio degli immobili ceduti all&#8217;ente in Via Scipione l&#8217;Africano, aree edificabili, non \u00e8 chiaro ancora quali e come ne sia stato calcolato il valore. La regolarit\u00e0 della procedura, la sua legittimit\u00e0 (per non parlare della sua opportunit\u00e0) sono sotto l&#8217;occhio del commissario prefettizio Giacomo Barbato. Il Comune ha poi arredato i locali di tutto punto, ma ha dimenticato di approvare il regolamento per la gestione dei beni. Nel frattempo due appartamenti sono stati occupati rispettivamente da Gianluca Di Silvio della nota famiglia rom stanziale a Latina e, da quanto risulta agli atti, dalla figlia di una dipendente comunale. Lo ha appurato la gestione commissariale che ha notificato agli occupanti un&#8217;ordinanza di sgombero ricevendo come risposta un ricorso al Tar da parte di Di Silvio.<\/p>\n<p style=\"text-align: justify;\"><strong>RICORSO TRAVALI<\/strong> &#8211; E un&#8217;altra vicenda tutta da chiarire \u00e8 quella che riguarda il possesso abusivo di una casa popolare da parte di Angelo Travali, l&#8217;uomo arrestato di recente per un tentativo di estorsione che si \u00e8 scoperto aveva occupato un appartamento dell&#8217;Ater. Secondo il legale dell&#8217;uomo, l&#8217;avvocato di Formia Pasquale Cardillo Cupo che ha presentato ricorso al Tribunale del Riesame per chiedere la restituzione dell&#8217;alloggio in Viale Pierluigi Nervi, l&#8217;Ater sapeva da almeno cinque anni della presenza di Travali in quella casa. Emerge dalla documentazione che l&#8217;avvocato ha allegato al ricorso che dovr\u00e0 essere esaminato dai giudici a breve.<\/p>\n<p>&nbsp;<\/p>\n<div class=\"radio-posizionamento-telefono-in-articoli-dopo-il-contenuto-articolo radio-entity-placement\" id=\"radio-49149927\"><div id=\"radio-299033841\"><a href=\"https:\/\/grupporedi.it\/\" aria-label=\"Redi-Qr\"><img loading=\"lazy\" decoding=\"async\" src=\"https:\/\/www.radioluna.it\/news\/wp-content\/uploads\/2026\/03\/Redi-Qr.jpg\" alt=\"\"  srcset=\"https:\/\/www.radioluna.it\/news\/wp-content\/uploads\/2026\/03\/Redi-Qr.jpg 800w, https:\/\/www.radioluna.it\/news\/wp-content\/uploads\/2026\/03\/Redi-Qr-768x639.jpg 768w\" sizes=\"(max-width: 800px) 100vw, 800px\" width=\"300\" height=\"250\"   \/><\/a><\/div><\/div>","protected":false},"excerpt":{"rendered":"<p>LATINA &#8211;\u00a0Nuovi sconcertanti particolari emergono sulle case per i pap\u00e0 separati e in condizioni di disagio economico occupate abusivamente nel silenzio generale dell&#8217;Amministrazione comunale. Due dei tre appartamenti del Comune destinati al progetto mai decollato e per i quale sono stati spesi 220 mila euro, sono stati ottenuti grazie ad una permuta con il costruttore [&hellip;]<\/p>\n","protected":false},"author":62,"featured_media":168581,"comment_status":"open","ping_status":"closed","sticky":false,"template":"","format":"standard","meta":{"footnotes":""},"categories":[7],"tags":[],"class_list":["post-168580","post","type-post","status-publish","format-standard","has-post-thumbnail","hentry","category-cronaca"],"_links":{"self":[{"href":"https:\/\/www.radioluna.it\/news\/wp-json\/wp\/v2\/posts\/168580","targetHints":{"allow":["GET"]}}],"collection":[{"href":"https:\/\/www.radioluna.it\/news\/wp-json\/wp\/v2\/posts"}],"about":[{"href":"https:\/\/www.radioluna.it\/news\/wp-json\/wp\/v2\/types\/post"}],"author":[{"embeddable":true,"href":"https:\/\/www.radioluna.it\/news\/wp-json\/wp\/v2\/users\/62"}],"replies":[{"embeddable":true,"href":"https:\/\/www.radioluna.it\/news\/wp-json\/wp\/v2\/comments?post=168580"}],"version-history":[{"count":0,"href":"https:\/\/www.radioluna.it\/news\/wp-json\/wp\/v2\/posts\/168580\/revisions"}],"wp:featuredmedia":[{"embeddable":true,"href":"https:\/\/www.radioluna.it\/news\/wp-json\/wp\/v2\/media\/168581"}],"wp:attachment":[{"href":"https:\/\/www.radioluna.it\/news\/wp-json\/wp\/v2\/media?parent=168580"}],"wp:term":[{"taxonomy":"category","embeddable":true,"href":"https:\/\/www.radioluna.it\/news\/wp-json\/wp\/v2\/categories?post=168580"},{"taxonomy":"post_tag","embeddable":true,"href":"https:\/\/www.radioluna.it\/news\/wp-json\/wp\/v2\/tags?post=168580"}],"curies":[{"name":"wp","href":"https:\/\/api.w.org\/{rel}","templated":true}]}}