{"id":168586,"date":"2015-09-14T10:14:16","date_gmt":"2015-09-14T08:14:16","guid":{"rendered":"http:\/\/www.radioluna.it\/news\/?p=168586"},"modified":"2015-09-14T10:14:16","modified_gmt":"2015-09-14T08:14:16","slug":"la-scuola-e-un-buon-maestro-una-storia-vera-nella-sperlonga-anni-50","status":"publish","type":"post","link":"https:\/\/www.radioluna.it\/news\/2015\/09\/la-scuola-e-un-buon-maestro-una-storia-vera-nella-sperlonga-anni-50\/","title":{"rendered":"La scuola e un buon maestro: una storia (vera) nella Sperlonga anni &#8217;50"},"content":{"rendered":"<div id=\"fb-root\"><\/div>\n<p style=\"text-align: justify;\"><strong><a href=\"http:\/\/www.radioluna.it\/news\/wp-content\/uploads\/2015\/09\/ConGliOcchiDelDopo3ed.jpg\"><img loading=\"lazy\" decoding=\"async\" class=\"aligncenter size-thumbnail wp-image-168589\" src=\"http:\/\/www.radioluna.it\/news\/wp-content\/uploads\/2015\/09\/ConGliOcchiDelDopo3ed-635x505.jpg\" alt=\"ConGliOcchiDelDopo3ed\" width=\"635\" height=\"505\" srcset=\"https:\/\/www.radioluna.it\/news\/wp-content\/uploads\/2015\/09\/ConGliOcchiDelDopo3ed-635x505.jpg 635w, https:\/\/www.radioluna.it\/news\/wp-content\/uploads\/2015\/09\/ConGliOcchiDelDopo3ed-500x398.jpg 500w, https:\/\/www.radioluna.it\/news\/wp-content\/uploads\/2015\/09\/ConGliOcchiDelDopo3ed-300x239.jpg 300w, https:\/\/www.radioluna.it\/news\/wp-content\/uploads\/2015\/09\/ConGliOcchiDelDopo3ed.jpg 750w\" sizes=\"auto, (max-width: 635px) 100vw, 635px\" \/><\/a>LATINA<\/strong> &#8211;\u00a0Sar\u00e0 presentato mercoled\u00ec 16 settembre al \u00a0Circolo Cittadino di Latina (alle 17.30) il libro di Tommaso La Rocca &#8220;Con gli occhi del dopo. Il figlio del pescatore sulle orme di Ulisse&#8221;.<\/p>\n<p style=\"text-align: justify;\">&#8220;L&#8217;autore &#8211; come spiega Giorgio Maulucci che lo presenter\u00e0 in compagnia di Saverio Vallone &#8211; \u00e8 docente di Filosofia all&#8217;universit\u00e0 di Ferrara (ora in pensione). Originario di Sperlonga, parla molto di scuola, del suo maestro della scuola elementare, dell&#8217;importanza del ruolo di un insegnante, che non deve limitarsi a &#8220;fare lezione&#8221;. Il suo maestro negli anni &#8217;50 fece scoprire ai suoi piccoli allievi la bellezza e il valore della cultura; l&#8217;importanza del cinema, in un piccolo paese del Sud. Un libro autobiografico e, nel contempo, un romanzo di formazione, colto e denso di significati&#8221;, conclude Maulucci che da insegnante ed ex dirigente del Liceo Classico di Latina, ne consiglia la lettura ai ragazzi per cominciare bene l&#8217;anno scolastico.<\/p>\n<div class=\"radio-posizionamento-telefono-in-articoli-dopo-il-contenuto-articolo radio-entity-placement\" id=\"radio-390420082\"><div id=\"radio-973619805\"><a href=\"https:\/\/grupporedi.it\/\" aria-label=\"Redi-Qr\"><img loading=\"lazy\" decoding=\"async\" src=\"https:\/\/www.radioluna.it\/news\/wp-content\/uploads\/2026\/03\/Redi-Qr.jpg\" alt=\"\"  srcset=\"https:\/\/www.radioluna.it\/news\/wp-content\/uploads\/2026\/03\/Redi-Qr.jpg 800w, https:\/\/www.radioluna.it\/news\/wp-content\/uploads\/2026\/03\/Redi-Qr-768x639.jpg 768w\" sizes=\"(max-width: 800px) 100vw, 800px\" width=\"300\" height=\"250\"   \/><\/a><\/div><\/div>","protected":false},"excerpt":{"rendered":"<p>LATINA &#8211;\u00a0Sar\u00e0 presentato mercoled\u00ec 16 settembre al \u00a0Circolo Cittadino di Latina (alle 17.30) il libro di Tommaso La Rocca &#8220;Con gli occhi del dopo. Il figlio del pescatore sulle orme di Ulisse&#8221;. &#8220;L&#8217;autore &#8211; come spiega Giorgio Maulucci che lo presenter\u00e0 in compagnia di Saverio Vallone &#8211; \u00e8 docente di Filosofia all&#8217;universit\u00e0 di Ferrara (ora [&hellip;]<\/p>\n","protected":false},"author":62,"featured_media":168589,"comment_status":"open","ping_status":"closed","sticky":false,"template":"","format":"standard","meta":{"footnotes":""},"categories":[16],"tags":[],"class_list":["post-168586","post","type-post","status-publish","format-standard","has-post-thumbnail","hentry","category-appuntamenti"],"_links":{"self":[{"href":"https:\/\/www.radioluna.it\/news\/wp-json\/wp\/v2\/posts\/168586","targetHints":{"allow":["GET"]}}],"collection":[{"href":"https:\/\/www.radioluna.it\/news\/wp-json\/wp\/v2\/posts"}],"about":[{"href":"https:\/\/www.radioluna.it\/news\/wp-json\/wp\/v2\/types\/post"}],"author":[{"embeddable":true,"href":"https:\/\/www.radioluna.it\/news\/wp-json\/wp\/v2\/users\/62"}],"replies":[{"embeddable":true,"href":"https:\/\/www.radioluna.it\/news\/wp-json\/wp\/v2\/comments?post=168586"}],"version-history":[{"count":0,"href":"https:\/\/www.radioluna.it\/news\/wp-json\/wp\/v2\/posts\/168586\/revisions"}],"wp:featuredmedia":[{"embeddable":true,"href":"https:\/\/www.radioluna.it\/news\/wp-json\/wp\/v2\/media\/168589"}],"wp:attachment":[{"href":"https:\/\/www.radioluna.it\/news\/wp-json\/wp\/v2\/media?parent=168586"}],"wp:term":[{"taxonomy":"category","embeddable":true,"href":"https:\/\/www.radioluna.it\/news\/wp-json\/wp\/v2\/categories?post=168586"},{"taxonomy":"post_tag","embeddable":true,"href":"https:\/\/www.radioluna.it\/news\/wp-json\/wp\/v2\/tags?post=168586"}],"curies":[{"name":"wp","href":"https:\/\/api.w.org\/{rel}","templated":true}]}}