{"id":168598,"date":"2015-09-14T13:22:04","date_gmt":"2015-09-14T11:22:04","guid":{"rendered":"http:\/\/www.radioluna.it\/news\/?p=168598"},"modified":"2015-09-14T19:53:39","modified_gmt":"2015-09-14T17:53:39","slug":"poverta-educativa-nel-lazio-1-ragazzo-su-cinque-legge-male","status":"publish","type":"post","link":"https:\/\/www.radioluna.it\/news\/2015\/09\/poverta-educativa-nel-lazio-1-ragazzo-su-cinque-legge-male\/","title":{"rendered":"Povert\u00e0 educativa, nel Lazio 1 ragazzo su cinque legge male"},"content":{"rendered":"<div id=\"fb-root\"><\/div>\n<p style=\"text-align: justify;\"><strong><a href=\"http:\/\/www.radioluna.it\/news\/wp-content\/uploads\/2015\/09\/povert\u00e0-educativa.jpg\"><img loading=\"lazy\" decoding=\"async\" class=\" size-full wp-image-168599 alignleft\" src=\"http:\/\/www.radioluna.it\/news\/wp-content\/uploads\/2015\/09\/povert\u00e0-educativa.jpg\" alt=\"povert\u00e0 educativa\" width=\"431\" height=\"374\" srcset=\"https:\/\/www.radioluna.it\/news\/wp-content\/uploads\/2015\/09\/povert\u00e0-educativa.jpg 431w, https:\/\/www.radioluna.it\/news\/wp-content\/uploads\/2015\/09\/povert\u00e0-educativa-300x260.jpg 300w\" sizes=\"auto, (max-width: 431px) 100vw, 431px\" \/><\/a>LATINA<\/strong> &#8211; Nel primo giorno di scuola Save The Children lancia l&#8217;allarme sulla\u00a0povert\u00e0 educativa. &#8220;La mancanza delle competenze necessarie per uno sviluppo adeguato e per farsi strada nella vita, \u00e8 una mina innescata sul futuro di migliaia di bambini e adolescenti del Lazio&#8221;, si legge nel rapporto presentato oggi. E a leggere i dati viene la pelle d&#8217;oca.<\/p>\n<p style=\"text-align: justify;\">Oltre 1 quindicenne su 4 \u00e8 sotto la soglia minima di competenze in matematica e in 1 su 5 in lettura. &#8220;D\u2019altra parte &#8211; spiegano da Save &#8211; \u00a0notevoli sono le carenze di servizi e opportunit\u00e0 formative scolastiche ed extrascolastiche: nel Lazio, solo il 17% dei bambini tra 0 e 2 anni riesce ad andare al nido o usufruire di servizi integrativi, il 54% delle classi della scuola primaria non offre il tempo pieno e il 60% dei minori non accede ad una serie di attivit\u00e0 ricreative, sportive, formative e culturali[2]. In particolare, il 47% dei minori tra 6 e 17 anni non ha letto neanche un libro nell\u2019anno precedente, il 63% non ha visitato un sito archeologico e il 51% un museo, il 37,6% non ha svolto attivit\u00e0 sportive&#8221;.<\/p>\n<p>L&#8217;appello di \u201c<i>Illuminiamo il Futuro 2030 &#8211; Obiettivi per liberare i bambini dalla Povert\u00e0 Educativa\u201d \u00a0<\/i>lancia 3 obiettivi, sull\u2019esempio dei nuovi Obiettivi di Sviluppo Sostenibili indicati dalle Nazioni Unite: <b>1.<\/b> <b>Tutti i minori devono poter apprendere, sperimentare, sviluppare capacit\u00e0, talenti e aspirazioni; 2.<\/b> <b>Tutti i minori devono poter avere accesso all\u2019offerta educativa di qualit\u00e0; 3.<\/b> <b>Eliminare la povert\u00e0 minorile per favorire la crescita educativa<\/b>.<\/p>\n<p>Occorre potenziare l\u2019offerta di servizi educativi di qualit\u00e0: &#8220;I dati ci dimostrano che i servizi per la prima infanzia, le scuole attrezzate, le attivit\u00e0 ricreative e culturali possono spezzare le catene intergenerazionali della povert\u00e0. Serve per\u00f2 uno sforzo comune e coordinato da parte delle istituzioni ad ogni livello e delle stesse comunit\u00e0 locali e l\u2019impegno per sconfiggere la povert\u00e0 educativa deve diventare prioritario nell&#8217; agenda del Governo\u201d.<\/p>\n<div class=\"radio-posizionamento-telefono-in-articoli-dopo-il-contenuto-articolo radio-entity-placement\" id=\"radio-4070641310\"><div id=\"radio-3984216125\"><a href=\"https:\/\/grupporedi.it\/\" aria-label=\"Redi-Qr\"><img loading=\"lazy\" decoding=\"async\" src=\"https:\/\/www.radioluna.it\/news\/wp-content\/uploads\/2026\/03\/Redi-Qr.jpg\" alt=\"\"  srcset=\"https:\/\/www.radioluna.it\/news\/wp-content\/uploads\/2026\/03\/Redi-Qr.jpg 800w, https:\/\/www.radioluna.it\/news\/wp-content\/uploads\/2026\/03\/Redi-Qr-768x639.jpg 768w\" sizes=\"(max-width: 800px) 100vw, 800px\" width=\"300\" height=\"250\"   \/><\/a><\/div><\/div>","protected":false},"excerpt":{"rendered":"<p>LATINA &#8211; Nel primo giorno di scuola Save The Children lancia l&#8217;allarme sulla\u00a0povert\u00e0 educativa. &#8220;La mancanza delle competenze necessarie per uno sviluppo adeguato e per farsi strada nella vita, \u00e8 una mina innescata sul futuro di migliaia di bambini e adolescenti del Lazio&#8221;, si legge nel rapporto presentato oggi. E a leggere i dati viene [&hellip;]<\/p>\n","protected":false},"author":62,"featured_media":168599,"comment_status":"open","ping_status":"closed","sticky":false,"template":"","format":"standard","meta":{"footnotes":""},"categories":[7],"tags":[],"class_list":["post-168598","post","type-post","status-publish","format-standard","has-post-thumbnail","hentry","category-cronaca"],"_links":{"self":[{"href":"https:\/\/www.radioluna.it\/news\/wp-json\/wp\/v2\/posts\/168598","targetHints":{"allow":["GET"]}}],"collection":[{"href":"https:\/\/www.radioluna.it\/news\/wp-json\/wp\/v2\/posts"}],"about":[{"href":"https:\/\/www.radioluna.it\/news\/wp-json\/wp\/v2\/types\/post"}],"author":[{"embeddable":true,"href":"https:\/\/www.radioluna.it\/news\/wp-json\/wp\/v2\/users\/62"}],"replies":[{"embeddable":true,"href":"https:\/\/www.radioluna.it\/news\/wp-json\/wp\/v2\/comments?post=168598"}],"version-history":[{"count":0,"href":"https:\/\/www.radioluna.it\/news\/wp-json\/wp\/v2\/posts\/168598\/revisions"}],"wp:featuredmedia":[{"embeddable":true,"href":"https:\/\/www.radioluna.it\/news\/wp-json\/wp\/v2\/media\/168599"}],"wp:attachment":[{"href":"https:\/\/www.radioluna.it\/news\/wp-json\/wp\/v2\/media?parent=168598"}],"wp:term":[{"taxonomy":"category","embeddable":true,"href":"https:\/\/www.radioluna.it\/news\/wp-json\/wp\/v2\/categories?post=168598"},{"taxonomy":"post_tag","embeddable":true,"href":"https:\/\/www.radioluna.it\/news\/wp-json\/wp\/v2\/tags?post=168598"}],"curies":[{"name":"wp","href":"https:\/\/api.w.org\/{rel}","templated":true}]}}