{"id":168628,"date":"2015-09-15T19:03:21","date_gmt":"2015-09-15T17:03:21","guid":{"rendered":"http:\/\/www.radioluna.it\/news\/?p=168628"},"modified":"2015-09-15T20:28:57","modified_gmt":"2015-09-15T18:28:57","slug":"federico-milita-scomparso-a-londra-da-una-settimana-appello-dei-familiari","status":"publish","type":"post","link":"https:\/\/www.radioluna.it\/news\/2015\/09\/federico-milita-scomparso-a-londra-da-una-settimana-appello-dei-familiari\/","title":{"rendered":"Rintracciato Federico Milita: \u00e8 in un ospedale londinese. Aggredito e derubato all&#8217;aeroporto di Getwick"},"content":{"rendered":"<div id=\"fb-root\"><\/div>\n<p style=\"text-align: justify;\"><strong><a href=\"http:\/\/www.radioluna.it\/news\/wp-content\/uploads\/2015\/09\/FEDERICO-MILITA41.jpg\"><img loading=\"lazy\" decoding=\"async\" class=\"aligncenter wp-image-168640 size-thumbnail\" src=\"http:\/\/www.radioluna.it\/news\/wp-content\/uploads\/2015\/09\/FEDERICO-MILITA41-e1442333016319-635x570.jpg\" alt=\"FEDERICO MILITA4\" width=\"635\" height=\"570\" srcset=\"https:\/\/www.radioluna.it\/news\/wp-content\/uploads\/2015\/09\/FEDERICO-MILITA41-e1442333016319-635x570.jpg 635w, https:\/\/www.radioluna.it\/news\/wp-content\/uploads\/2015\/09\/FEDERICO-MILITA41-e1442333016319-500x449.jpg 500w, https:\/\/www.radioluna.it\/news\/wp-content\/uploads\/2015\/09\/FEDERICO-MILITA41-e1442333016319-300x269.jpg 300w, https:\/\/www.radioluna.it\/news\/wp-content\/uploads\/2015\/09\/FEDERICO-MILITA41-e1442333016319.jpg 684w\" sizes=\"auto, (max-width: 635px) 100vw, 635px\" \/><\/a><\/strong><\/p>\n<p style=\"text-align: justify;\"><strong>CORI<\/strong> &#8211; E&#8217; stato rintracciato\u00a0Federico Milita il ragazzo di Cori scomparso a Londra. Si trova in un ospedale londinese, dove \u00e8 stato ricoverato \u00a0&#8211; ma in buone condizioni fisiche &#8211; in seguito ad una aggressione. La notizia \u00e8 arrivata intorno alle 16 quando la nonna, alla quale il ventunenne \u00e8 affidato, \u00e8 stata contattata dal nosocomio.<\/p>\n<p style=\"text-align: justify;\">Da quanto si apprende il giovane \u00e8 stato aggredito e completamente derubato di bagagli, soldi e cellulare subito dopo il suo arrivo all\u2019aeroporto londinese di Getwick, ossia marted\u00ec 8 settembre intorno alle 22.30. In base a quanto riferito dai parenti, dopo l\u2019accaduto il ragazzo avrebbe vagato in stato confusionale per la capitale inglese, non si sa ancora per quante ore o giorni, prima di essere trasportato in un ospedale da persone al momento ignote.<br \/>\nDi Federico non si avevano pi\u00f9 notizie da una settimana, di lui si erano perse le tracce da quando lo zio e il cugino lo avevano accompagnato a Fiumicino per prendere l\u2019aereo delle 20 che avrebbe dovuto portarlo a Londra da un suo contatto per trascorrere qualche giorno di svago, dopo un\u2019estate di lavoro in un bar di Cori.<\/p>\n<p style=\"text-align: justify;\">Federico lo scorso anno aveva gi\u00e0 vissuto a Londra per circa sei mesi, da luglio a dicembre, dove aveva lavorato in un ristopub come aiuto cuoco. Gioved\u00ec la famiglia ne aveva denunciato la scomparsa alla Stazione dei Carabinieri di Cori, che avevano poi informato la Farnesina e l\u2019Interpool, e alla Polizia Postale di Latina che aveva accertato che il Gps del suo cellulare era staccato. Tanto che domani era in programma una segnalazione in prima serata su Rai3, a Chi l\u2019ha visto.<\/p>\n<p style=\"text-align: justify;\">\u201cAttendiamo di conoscere i dettagli della vicenda, ma per questo avremo tutto il tempo necessario \u2013 spiega la zia Anna \u2013 per il momento ci basta sapere che Federico sta bene e presto potremmo riabbracciarlo. Ringrazio le autorit\u00e0 locali, nazionali e internazionali che hanno seguito il caso; l\u2019angelo o gli angeli custodi che si sono presi cura di lui quando vagava per strada e il personale medico e paramedico che l\u2019ha seguito in ospedale; i media che ci hanno prestato la massima attenzione e la comunit\u00e0 di Cori che ci fatto sentire il suo calore sia direttamente che sui social\u201d.<\/p>\n","protected":false},"excerpt":{"rendered":"<p>CORI &#8211; E&#8217; stato rintracciato\u00a0Federico Milita il ragazzo di Cori scomparso a Londra. Si trova in un ospedale londinese, dove \u00e8 stato ricoverato \u00a0&#8211; ma in buone condizioni fisiche &#8211; in seguito ad una aggressione. La notizia \u00e8 arrivata intorno alle 16 quando la nonna, alla quale il ventunenne \u00e8 affidato, \u00e8 stata contattata dal [&hellip;]<\/p>\n","protected":false},"author":60,"featured_media":168640,"comment_status":"open","ping_status":"closed","sticky":false,"template":"","format":"standard","meta":{"footnotes":""},"categories":[7],"tags":[],"class_list":["post-168628","post","type-post","status-publish","format-standard","has-post-thumbnail","hentry","category-cronaca"],"_links":{"self":[{"href":"https:\/\/www.radioluna.it\/news\/wp-json\/wp\/v2\/posts\/168628","targetHints":{"allow":["GET"]}}],"collection":[{"href":"https:\/\/www.radioluna.it\/news\/wp-json\/wp\/v2\/posts"}],"about":[{"href":"https:\/\/www.radioluna.it\/news\/wp-json\/wp\/v2\/types\/post"}],"author":[{"embeddable":true,"href":"https:\/\/www.radioluna.it\/news\/wp-json\/wp\/v2\/users\/60"}],"replies":[{"embeddable":true,"href":"https:\/\/www.radioluna.it\/news\/wp-json\/wp\/v2\/comments?post=168628"}],"version-history":[{"count":0,"href":"https:\/\/www.radioluna.it\/news\/wp-json\/wp\/v2\/posts\/168628\/revisions"}],"wp:featuredmedia":[{"embeddable":true,"href":"https:\/\/www.radioluna.it\/news\/wp-json\/wp\/v2\/media\/168640"}],"wp:attachment":[{"href":"https:\/\/www.radioluna.it\/news\/wp-json\/wp\/v2\/media?parent=168628"}],"wp:term":[{"taxonomy":"category","embeddable":true,"href":"https:\/\/www.radioluna.it\/news\/wp-json\/wp\/v2\/categories?post=168628"},{"taxonomy":"post_tag","embeddable":true,"href":"https:\/\/www.radioluna.it\/news\/wp-json\/wp\/v2\/tags?post=168628"}],"curies":[{"name":"wp","href":"https:\/\/api.w.org\/{rel}","templated":true}]}}