{"id":168650,"date":"2015-09-15T20:06:18","date_gmt":"2015-09-15T18:06:18","guid":{"rendered":"http:\/\/www.radioluna.it\/news\/?p=168650"},"modified":"2015-09-16T08:28:30","modified_gmt":"2015-09-16T06:28:30","slug":"asili-nido-a-latina-le-rette-piu-alte-della-regione","status":"publish","type":"post","link":"https:\/\/www.radioluna.it\/news\/2015\/09\/asili-nido-a-latina-le-rette-piu-alte-della-regione\/","title":{"rendered":"Asili nido, a Latina troppo pochi e le rette pi\u00f9 alte della regione"},"content":{"rendered":"<div id=\"fb-root\"><\/div>\n<div id=\"attachment_108393\" style=\"width: 160px\" class=\"wp-caption alignleft\"><a href=\"http:\/\/www.radioluna.it\/news\/wp-content\/uploads\/2011\/08\/asilo-nido.jpg\"><img loading=\"lazy\" decoding=\"async\" aria-describedby=\"caption-attachment-108393\" class=\"size-thumbnail wp-image-108393\" src=\"http:\/\/www.radioluna.it\/news\/wp-content\/uploads\/2011\/08\/asilo-nido-150x150.jpg\" alt=\"Scuola dell'infanzia\" width=\"150\" height=\"150\" srcset=\"https:\/\/www.radioluna.it\/news\/wp-content\/uploads\/2011\/08\/asilo-nido-150x150.jpg 150w, https:\/\/www.radioluna.it\/news\/wp-content\/uploads\/2011\/08\/asilo-nido-300x300.jpg 300w, https:\/\/www.radioluna.it\/news\/wp-content\/uploads\/2011\/08\/asilo-nido-50x50.jpg 50w, https:\/\/www.radioluna.it\/news\/wp-content\/uploads\/2011\/08\/asilo-nido-80x80.jpg 80w\" sizes=\"auto, (max-width: 150px) 100vw, 150px\" \/><\/a><p id=\"caption-attachment-108393\" class=\"wp-caption-text\">Scuola dell&#8217;infanzia<\/p><\/div>\n<p style=\"text-align: justify;\"><strong>LATINA<\/strong> &#8211; A\u00a0Latina vi sono 2,5 posti in asilo nido comunale ogni mille abitanti. Contro i 4,6 di Roma\u00a0 e i 4,4 della media regionale. Latina \u00e8 ultima in regione per questo importantissimo e delicato servizio. Lo sostiene il Comitato Possibile Latina, che ha analizzato il rapporto annuale di Cittadinanzattiva sulla offerta dei servizi di asilo nido con dati regionali e nazionali.\u00a0&#8220;Se il numero di posti in asilo nido \u00e8 il pi\u00f9 basso, la retta comunale richiesta da Latina \u00e8 la pi\u00f9 alta della regione: 400 euro al mese, contro i 146 euro di Roma i 286 di Roma e i 300 della media regionale. Una delle pi\u00f9 alte rette chieste in Italia dove la media nazionale \u00e8 di 311 euro.\u00a0Una retta cos\u00ec alta \u00e8 difficilmente giustificabile. Se non \u00a0accompagnata da adeguato\u00a0 programma di investimento e sviluppo del servizio&#8221;.<\/p>\n<p style=\"text-align: justify;\">Proprio su questo fronte i rappresentanti del Comitato Possibile Latina invitato il Comune a offrire agli utenti\u00a0una valutazione sull&#8217;efficacia e l&#8217;efficienza dei servizi. &#8220;Valutazione che deve essere realizzata &#8211; spiegano &#8211; da un organismo esterno e indipendente dal Comune.\u00a0Ci rivolgiamo al Commissario ma soprattutto ai futuri candidati sindaci per sapere quali sono gli impegni che intendono assumere in proposito&#8221;.<\/p>\n","protected":false},"excerpt":{"rendered":"<p>LATINA &#8211; A\u00a0Latina vi sono 2,5 posti in asilo nido comunale ogni mille abitanti. Contro i 4,6 di Roma\u00a0 e i 4,4 della media regionale. Latina \u00e8 ultima in regione per questo importantissimo e delicato servizio. Lo sostiene il Comitato Possibile Latina, che ha analizzato il rapporto annuale di Cittadinanzattiva sulla offerta dei servizi di [&hellip;]<\/p>\n","protected":false},"author":60,"featured_media":108393,"comment_status":"open","ping_status":"closed","sticky":false,"template":"","format":"standard","meta":{"footnotes":""},"categories":[7],"tags":[],"class_list":["post-168650","post","type-post","status-publish","format-standard","has-post-thumbnail","hentry","category-cronaca"],"_links":{"self":[{"href":"https:\/\/www.radioluna.it\/news\/wp-json\/wp\/v2\/posts\/168650","targetHints":{"allow":["GET"]}}],"collection":[{"href":"https:\/\/www.radioluna.it\/news\/wp-json\/wp\/v2\/posts"}],"about":[{"href":"https:\/\/www.radioluna.it\/news\/wp-json\/wp\/v2\/types\/post"}],"author":[{"embeddable":true,"href":"https:\/\/www.radioluna.it\/news\/wp-json\/wp\/v2\/users\/60"}],"replies":[{"embeddable":true,"href":"https:\/\/www.radioluna.it\/news\/wp-json\/wp\/v2\/comments?post=168650"}],"version-history":[{"count":0,"href":"https:\/\/www.radioluna.it\/news\/wp-json\/wp\/v2\/posts\/168650\/revisions"}],"wp:featuredmedia":[{"embeddable":true,"href":"https:\/\/www.radioluna.it\/news\/wp-json\/wp\/v2\/media\/108393"}],"wp:attachment":[{"href":"https:\/\/www.radioluna.it\/news\/wp-json\/wp\/v2\/media?parent=168650"}],"wp:term":[{"taxonomy":"category","embeddable":true,"href":"https:\/\/www.radioluna.it\/news\/wp-json\/wp\/v2\/categories?post=168650"},{"taxonomy":"post_tag","embeddable":true,"href":"https:\/\/www.radioluna.it\/news\/wp-json\/wp\/v2\/tags?post=168650"}],"curies":[{"name":"wp","href":"https:\/\/api.w.org\/{rel}","templated":true}]}}