{"id":168677,"date":"2015-09-16T11:15:09","date_gmt":"2015-09-16T09:15:09","guid":{"rendered":"http:\/\/www.radioluna.it\/news\/?p=168677"},"modified":"2015-09-18T09:09:53","modified_gmt":"2015-09-18T07:09:53","slug":"inchiesta-sul-porto-di-gaeta-dissequestro-per-interterminal","status":"publish","type":"post","link":"https:\/\/www.radioluna.it\/news\/2015\/09\/inchiesta-sul-porto-di-gaeta-dissequestro-per-interterminal\/","title":{"rendered":"Inchiesta sul porto di Gaeta, dissequestro per Interminal"},"content":{"rendered":"<div id=\"fb-root\"><\/div>\n<p style=\"text-align: justify;\"><strong><a href=\"http:\/\/www.radioluna.it\/news\/wp-content\/uploads\/2015\/09\/PORTO-GAETA.jpg\"><img loading=\"lazy\" decoding=\"async\" class=\"aligncenter size-thumbnail wp-image-168678\" src=\"http:\/\/www.radioluna.it\/news\/wp-content\/uploads\/2015\/09\/PORTO-GAETA-635x425.jpg\" alt=\"PORTO GAETA\" width=\"635\" height=\"425\" srcset=\"https:\/\/www.radioluna.it\/news\/wp-content\/uploads\/2015\/09\/PORTO-GAETA-635x425.jpg 635w, https:\/\/www.radioluna.it\/news\/wp-content\/uploads\/2015\/09\/PORTO-GAETA-768x514.jpg 768w, https:\/\/www.radioluna.it\/news\/wp-content\/uploads\/2015\/09\/PORTO-GAETA-500x335.jpg 500w, https:\/\/www.radioluna.it\/news\/wp-content\/uploads\/2015\/09\/PORTO-GAETA-300x201.jpg 300w, https:\/\/www.radioluna.it\/news\/wp-content\/uploads\/2015\/09\/PORTO-GAETA-1024x685.jpg 1024w, https:\/\/www.radioluna.it\/news\/wp-content\/uploads\/2015\/09\/PORTO-GAETA-800x536.jpg 800w, https:\/\/www.radioluna.it\/news\/wp-content\/uploads\/2015\/09\/PORTO-GAETA.jpg 1000w\" sizes=\"auto, (max-width: 635px) 100vw, 635px\" \/><\/a>GAETA<\/strong> &#8211; \u00a0&#8211;\u00a0Il tribunale di Frosinone ha disposto l\u2019annullamento dei sequestri effettuati all\u2019inizio di agosto nei confronti di Interminal: l\u2019impresa portuale ha sempre dichiarato la propria estraneit\u00e0 rispetto ai fatti all\u2019epoca contestati, e la regolarit\u00e0 del proprio operato. Lo rende noto l\u2019azienda in una nota aggiungendo che &#8220;come impresa portuale autorizzata ad operare nei porti di Roma e del Lazio ai sensi dell\u2019articolo 16, L.84\/94 fin dal 1996 si occupa esclusivamente di attivit\u00e0 legate all\u2019operativit\u00e0 portuale (imbarco e sbarco di merci e passeggeri), sotto la costante vigilanza delle Autorit\u00e0 preposte, e non di esportazione di prodotti, e sottolinea la necessit\u00e0 di evitare ogni confusione tra il ruolo e le responsabilit\u00e0 dell\u2019impresa e quelli della committenza&#8221;. Il provvedimento di sequestro aveva fatto seguito al sequestro di una partita di 4500 tonnellate di materiale ferroso depositata sulle banchine nel 2012, e destinata appunto all\u2019imbarco dallo scalo di Gaeta.<\/p>\n","protected":false},"excerpt":{"rendered":"<p>GAETA &#8211; \u00a0&#8211;\u00a0Il tribunale di Frosinone ha disposto l\u2019annullamento dei sequestri effettuati all\u2019inizio di agosto nei confronti di Interminal: l\u2019impresa portuale ha sempre dichiarato la propria estraneit\u00e0 rispetto ai fatti all\u2019epoca contestati, e la regolarit\u00e0 del proprio operato. Lo rende noto l\u2019azienda in una nota aggiungendo che &#8220;come impresa portuale autorizzata ad operare nei porti [&hellip;]<\/p>\n","protected":false},"author":62,"featured_media":168678,"comment_status":"open","ping_status":"closed","sticky":false,"template":"","format":"standard","meta":{"footnotes":""},"categories":[7],"tags":[],"class_list":["post-168677","post","type-post","status-publish","format-standard","has-post-thumbnail","hentry","category-cronaca"],"_links":{"self":[{"href":"https:\/\/www.radioluna.it\/news\/wp-json\/wp\/v2\/posts\/168677","targetHints":{"allow":["GET"]}}],"collection":[{"href":"https:\/\/www.radioluna.it\/news\/wp-json\/wp\/v2\/posts"}],"about":[{"href":"https:\/\/www.radioluna.it\/news\/wp-json\/wp\/v2\/types\/post"}],"author":[{"embeddable":true,"href":"https:\/\/www.radioluna.it\/news\/wp-json\/wp\/v2\/users\/62"}],"replies":[{"embeddable":true,"href":"https:\/\/www.radioluna.it\/news\/wp-json\/wp\/v2\/comments?post=168677"}],"version-history":[{"count":0,"href":"https:\/\/www.radioluna.it\/news\/wp-json\/wp\/v2\/posts\/168677\/revisions"}],"wp:featuredmedia":[{"embeddable":true,"href":"https:\/\/www.radioluna.it\/news\/wp-json\/wp\/v2\/media\/168678"}],"wp:attachment":[{"href":"https:\/\/www.radioluna.it\/news\/wp-json\/wp\/v2\/media?parent=168677"}],"wp:term":[{"taxonomy":"category","embeddable":true,"href":"https:\/\/www.radioluna.it\/news\/wp-json\/wp\/v2\/categories?post=168677"},{"taxonomy":"post_tag","embeddable":true,"href":"https:\/\/www.radioluna.it\/news\/wp-json\/wp\/v2\/tags?post=168677"}],"curies":[{"name":"wp","href":"https:\/\/api.w.org\/{rel}","templated":true}]}}