{"id":168687,"date":"2015-09-16T13:20:39","date_gmt":"2015-09-16T11:20:39","guid":{"rendered":"http:\/\/www.radioluna.it\/news\/?p=168687"},"modified":"2015-09-16T13:20:39","modified_gmt":"2015-09-16T11:20:39","slug":"occupazione-saldo-negativo-ma-ci-sono-segnali-di-ripresa","status":"publish","type":"post","link":"https:\/\/www.radioluna.it\/news\/2015\/09\/occupazione-saldo-negativo-ma-ci-sono-segnali-di-ripresa\/","title":{"rendered":"Occupazione, saldo negativo, ma ci sono segnali di ripresa"},"content":{"rendered":"<div id=\"fb-root\"><\/div>\n<p style=\"text-align: justify;\"><strong><a href=\"http:\/\/www.radioluna.it\/news\/wp-content\/uploads\/2015\/09\/ricerca_agente_monomandatario_settore_chimico_farmaceutico-1369408377-693-e.jpg\"><img loading=\"lazy\" decoding=\"async\" class=\"aligncenter size-thumbnail wp-image-168688\" src=\"http:\/\/www.radioluna.it\/news\/wp-content\/uploads\/2015\/09\/ricerca_agente_monomandatario_settore_chimico_farmaceutico-1369408377-693-e-635x422.jpg\" alt=\"\" width=\"635\" height=\"422\" srcset=\"https:\/\/www.radioluna.it\/news\/wp-content\/uploads\/2015\/09\/ricerca_agente_monomandatario_settore_chimico_farmaceutico-1369408377-693-e-635x422.jpg 635w, https:\/\/www.radioluna.it\/news\/wp-content\/uploads\/2015\/09\/ricerca_agente_monomandatario_settore_chimico_farmaceutico-1369408377-693-e-768x511.jpg 768w, https:\/\/www.radioluna.it\/news\/wp-content\/uploads\/2015\/09\/ricerca_agente_monomandatario_settore_chimico_farmaceutico-1369408377-693-e-500x333.jpg 500w, https:\/\/www.radioluna.it\/news\/wp-content\/uploads\/2015\/09\/ricerca_agente_monomandatario_settore_chimico_farmaceutico-1369408377-693-e-600x400.jpg 600w, https:\/\/www.radioluna.it\/news\/wp-content\/uploads\/2015\/09\/ricerca_agente_monomandatario_settore_chimico_farmaceutico-1369408377-693-e-300x200.jpg 300w, https:\/\/www.radioluna.it\/news\/wp-content\/uploads\/2015\/09\/ricerca_agente_monomandatario_settore_chimico_farmaceutico-1369408377-693-e-1024x681.jpg 1024w, https:\/\/www.radioluna.it\/news\/wp-content\/uploads\/2015\/09\/ricerca_agente_monomandatario_settore_chimico_farmaceutico-1369408377-693-e-800x532.jpg 800w, https:\/\/www.radioluna.it\/news\/wp-content\/uploads\/2015\/09\/ricerca_agente_monomandatario_settore_chimico_farmaceutico-1369408377-693-e.jpg 1000w\" sizes=\"auto, (max-width: 635px) 100vw, 635px\" \/><\/a>LATINA<\/strong> &#8211; Resta negativo il saldo occupazionale in provincia di Latina. Eppure qualcosa si muove. Lo dicono i dati\u00a0dell&#8217;indagine annuale Excelsior (il sistema informativo per l&#8217;occupazione e la formazione di Unioncamere-Ministero del Lavoro) secondo cui cresce il numero di nuovi ingressi previsti dagli imprenditori pontini, che per quest&#8217;anno dovrebbe raggiungere le 7.030 unit\u00e0, il 4,6% in pi\u00f9 rispetto a quanto previsto nel 2014.<br \/>\nD&#8217;altra parte, le imprese prevedono 7.520 uscite (per dimissioni, pensionamenti o contratti in scadenza di cui non \u00e8 previsto il rinnovo), vale a dire il 10,2% in meno rispetto al 2014. La risultante \u00e8 un saldo occupazionale atteso che resta per\u00f2 ancora negativo e pari a -490 unit\u00e0, mostrando comunque un deciso miglioramento rispetto alle -1.650 dello scorso anno.<br \/>\nC&#8217;\u00e8 da aggiungere &#8211; sottolineano dalla Camera di Commercio &#8211; nell\u2019ultimo anno \u00e8 attesa in crescita la quota delle assunzioni \u201cstabili\u201d (dal 16% al 27%), aggregato che comprende i contratti a tempo indeterminato e apprendistato, a discapito delle assunzioni a termine che perdono 11 punti percentuali.<\/p>\n","protected":false},"excerpt":{"rendered":"<p>LATINA &#8211; Resta negativo il saldo occupazionale in provincia di Latina. Eppure qualcosa si muove. Lo dicono i dati\u00a0dell&#8217;indagine annuale Excelsior (il sistema informativo per l&#8217;occupazione e la formazione di Unioncamere-Ministero del Lavoro) secondo cui cresce il numero di nuovi ingressi previsti dagli imprenditori pontini, che per quest&#8217;anno dovrebbe raggiungere le 7.030 unit\u00e0, il 4,6% [&hellip;]<\/p>\n","protected":false},"author":62,"featured_media":168688,"comment_status":"open","ping_status":"closed","sticky":false,"template":"","format":"standard","meta":{"footnotes":""},"categories":[11],"tags":[],"class_list":["post-168687","post","type-post","status-publish","format-standard","has-post-thumbnail","hentry","category-economia"],"_links":{"self":[{"href":"https:\/\/www.radioluna.it\/news\/wp-json\/wp\/v2\/posts\/168687","targetHints":{"allow":["GET"]}}],"collection":[{"href":"https:\/\/www.radioluna.it\/news\/wp-json\/wp\/v2\/posts"}],"about":[{"href":"https:\/\/www.radioluna.it\/news\/wp-json\/wp\/v2\/types\/post"}],"author":[{"embeddable":true,"href":"https:\/\/www.radioluna.it\/news\/wp-json\/wp\/v2\/users\/62"}],"replies":[{"embeddable":true,"href":"https:\/\/www.radioluna.it\/news\/wp-json\/wp\/v2\/comments?post=168687"}],"version-history":[{"count":0,"href":"https:\/\/www.radioluna.it\/news\/wp-json\/wp\/v2\/posts\/168687\/revisions"}],"wp:featuredmedia":[{"embeddable":true,"href":"https:\/\/www.radioluna.it\/news\/wp-json\/wp\/v2\/media\/168688"}],"wp:attachment":[{"href":"https:\/\/www.radioluna.it\/news\/wp-json\/wp\/v2\/media?parent=168687"}],"wp:term":[{"taxonomy":"category","embeddable":true,"href":"https:\/\/www.radioluna.it\/news\/wp-json\/wp\/v2\/categories?post=168687"},{"taxonomy":"post_tag","embeddable":true,"href":"https:\/\/www.radioluna.it\/news\/wp-json\/wp\/v2\/tags?post=168687"}],"curies":[{"name":"wp","href":"https:\/\/api.w.org\/{rel}","templated":true}]}}