{"id":168721,"date":"2015-09-17T10:41:51","date_gmt":"2015-09-17T08:41:51","guid":{"rendered":"http:\/\/www.radioluna.it\/news\/?p=168721"},"modified":"2015-09-17T10:41:51","modified_gmt":"2015-09-17T08:41:51","slug":"vigili-del-fuoco-si-inaugura-la-sede-di-castelforte","status":"publish","type":"post","link":"https:\/\/www.radioluna.it\/news\/2015\/09\/vigili-del-fuoco-si-inaugura-la-sede-di-castelforte\/","title":{"rendered":"Vigili del Fuoco, si inaugura la sede di Castelforte"},"content":{"rendered":"<div id=\"fb-root\"><\/div>\n<div id=\"attachment_166528\" style=\"width: 645px\" class=\"wp-caption aligncenter\"><a href=\"http:\/\/www.radioluna.it\/news\/wp-content\/uploads\/2015\/07\/Distaccamento-di-Castelforte-dallesterno.jpg\"><img loading=\"lazy\" decoding=\"async\" aria-describedby=\"caption-attachment-166528\" class=\"size-thumbnail wp-image-166528\" src=\"http:\/\/www.radioluna.it\/news\/wp-content\/uploads\/2015\/07\/Distaccamento-di-Castelforte-dallesterno-635x476.jpg\" alt=\"Il distaccamento dei vigili del fuoco aperto a Castelforte\" width=\"635\" height=\"476\" srcset=\"https:\/\/www.radioluna.it\/news\/wp-content\/uploads\/2015\/07\/Distaccamento-di-Castelforte-dallesterno-635x476.jpg 635w, https:\/\/www.radioluna.it\/news\/wp-content\/uploads\/2015\/07\/Distaccamento-di-Castelforte-dallesterno-768x576.jpg 768w, https:\/\/www.radioluna.it\/news\/wp-content\/uploads\/2015\/07\/Distaccamento-di-Castelforte-dallesterno-500x375.jpg 500w, https:\/\/www.radioluna.it\/news\/wp-content\/uploads\/2015\/07\/Distaccamento-di-Castelforte-dallesterno.jpg 800w, https:\/\/www.radioluna.it\/news\/wp-content\/uploads\/2015\/07\/Distaccamento-di-Castelforte-dallesterno-300x225.jpg 300w\" sizes=\"auto, (max-width: 635px) 100vw, 635px\" \/><\/a><p id=\"caption-attachment-166528\" class=\"wp-caption-text\">Il distaccamento dei vigili del fuoco aperto a Castelforte<\/p><\/div>\n<p style=\"text-align: justify;\"><strong>CASTELFORTE &#8211;<\/strong> Domani, venerd\u00ec\u00a018 settembre alle 11 sar\u00e0 inaugurato il nuovo distaccamento permanente dei Vigili del Fuoco di Castelforte in \u00a0Via delle Terme, in funzione dall&#8217;inizio dell&#8217;estate.\u00a0All&#8217;inaugurazione parteciper\u00e0 il Sottosegretario all&#8217;Interno Giampiero Bocci e le Autorit\u00e0 civili e militari della provincia.<\/p>\n<p style=\"text-align: justify;\">Il punto di intervento permanente era stato inserito nel Piano triennale per il soccorso e le attivit\u00e0 di prevenzione e lotta agli incendi boschivi nel Lazio. L&#8217;area su cui \u00e8 stato realizzato, messa a disposizione del Ministero dal Comune di Castelforte, \u00e8 un terreno di oltre 4000 metri quadri, \u00a0in una posizione baricentrica rispetto alla zona da presidiare.<\/p>\n<div class=\"radio-posizionamento-telefono-in-articoli-dopo-il-contenuto-articolo radio-entity-placement\" id=\"radio-961217332\"><div id=\"radio-4169311439\" style=\"width: 300px;height: 250px;\"><a href=\"https:\/\/www.icarspa.it\/auto\/usate\/latina\/\" aria-label=\"banner aprile icar new life &#8211; auto usate latina\"><img loading=\"lazy\" decoding=\"async\" src=\"https:\/\/www.radioluna.it\/news\/wp-content\/uploads\/2026\/02\/banner-aprile-icar-new-life-auto-usate-latina.gif\" alt=\"\"  width=\"300\" height=\"250\"   \/><\/a><\/div><\/div>","protected":false},"excerpt":{"rendered":"<p>CASTELFORTE &#8211; Domani, venerd\u00ec\u00a018 settembre alle 11 sar\u00e0 inaugurato il nuovo distaccamento permanente dei Vigili del Fuoco di Castelforte in \u00a0Via delle Terme, in funzione dall&#8217;inizio dell&#8217;estate.\u00a0All&#8217;inaugurazione parteciper\u00e0 il Sottosegretario all&#8217;Interno Giampiero Bocci e le Autorit\u00e0 civili e militari della provincia. Il punto di intervento permanente era stato inserito nel Piano triennale per il soccorso [&hellip;]<\/p>\n","protected":false},"author":62,"featured_media":166528,"comment_status":"open","ping_status":"closed","sticky":false,"template":"","format":"standard","meta":{"footnotes":""},"categories":[7],"tags":[],"class_list":["post-168721","post","type-post","status-publish","format-standard","has-post-thumbnail","hentry","category-cronaca"],"_links":{"self":[{"href":"https:\/\/www.radioluna.it\/news\/wp-json\/wp\/v2\/posts\/168721","targetHints":{"allow":["GET"]}}],"collection":[{"href":"https:\/\/www.radioluna.it\/news\/wp-json\/wp\/v2\/posts"}],"about":[{"href":"https:\/\/www.radioluna.it\/news\/wp-json\/wp\/v2\/types\/post"}],"author":[{"embeddable":true,"href":"https:\/\/www.radioluna.it\/news\/wp-json\/wp\/v2\/users\/62"}],"replies":[{"embeddable":true,"href":"https:\/\/www.radioluna.it\/news\/wp-json\/wp\/v2\/comments?post=168721"}],"version-history":[{"count":0,"href":"https:\/\/www.radioluna.it\/news\/wp-json\/wp\/v2\/posts\/168721\/revisions"}],"wp:featuredmedia":[{"embeddable":true,"href":"https:\/\/www.radioluna.it\/news\/wp-json\/wp\/v2\/media\/166528"}],"wp:attachment":[{"href":"https:\/\/www.radioluna.it\/news\/wp-json\/wp\/v2\/media?parent=168721"}],"wp:term":[{"taxonomy":"category","embeddable":true,"href":"https:\/\/www.radioluna.it\/news\/wp-json\/wp\/v2\/categories?post=168721"},{"taxonomy":"post_tag","embeddable":true,"href":"https:\/\/www.radioluna.it\/news\/wp-json\/wp\/v2\/tags?post=168721"}],"curies":[{"name":"wp","href":"https:\/\/api.w.org\/{rel}","templated":true}]}}