{"id":168750,"date":"2015-09-18T08:12:32","date_gmt":"2015-09-18T06:12:32","guid":{"rendered":"http:\/\/www.radioluna.it\/news\/?p=168750"},"modified":"2015-09-18T08:12:32","modified_gmt":"2015-09-18T06:12:32","slug":"pro-vercelli-latina-fischia-sacchi","status":"publish","type":"post","link":"https:\/\/www.radioluna.it\/news\/2015\/09\/pro-vercelli-latina-fischia-sacchi\/","title":{"rendered":"Pro Vercelli-Latina fischia Sacchi"},"content":{"rendered":"<div id=\"fb-root\"><\/div>\n<p style=\"text-align: justify;\"><strong><a href=\"http:\/\/www.radioluna.it\/news\/wp-content\/uploads\/2015\/09\/sacchi1-750x400-750x400.jpg\"><img loading=\"lazy\" decoding=\"async\" class=\"aligncenter size-thumbnail wp-image-168751\" src=\"http:\/\/www.radioluna.it\/news\/wp-content\/uploads\/2015\/09\/sacchi1-750x400-750x400-635x339.jpg\" alt=\"sacchi1-750x400-750x400\" width=\"635\" height=\"339\" srcset=\"https:\/\/www.radioluna.it\/news\/wp-content\/uploads\/2015\/09\/sacchi1-750x400-750x400-635x339.jpg 635w, https:\/\/www.radioluna.it\/news\/wp-content\/uploads\/2015\/09\/sacchi1-750x400-750x400-500x267.jpg 500w, https:\/\/www.radioluna.it\/news\/wp-content\/uploads\/2015\/09\/sacchi1-750x400-750x400-300x160.jpg 300w, https:\/\/www.radioluna.it\/news\/wp-content\/uploads\/2015\/09\/sacchi1-750x400-750x400.jpg 750w\" sizes=\"auto, (max-width: 635px) 100vw, 635px\" \/><\/a>LATINA<\/strong> &#8211; La Corte Sportiva d\u2019Appello Nazionale (I sezione) ha parzialmente accolto il ricorso del Latina Calcio e ridotto da tre a due giornate la squalifica del calciatore Marco Calderoni. L\u2019esterno nerazzurro torner\u00e0 a disposizione per il match contro l\u2019Ascoli in programma marted\u00ec 22 settembre. Non sar\u00e0 invece disponibile per la gara di sabato contro la Pro Vercelli che il tecnico nerazzurro Mark Iuliano presenter\u00e0 nella conferenza stampa prevista nella tarda mattinata di oggi.<\/p>\n<p style=\"text-align: justify;\">La sfida al Piola sar\u00e0 diretta da Juan Luca Sacchi arbitro 31 enne di Macerata che sar\u00e0 coadiuvato da Emanuele Prenna di Molfetta e Gaetano Intagliata di Siracusa, mentre il quarto uomo sar\u00e0 Luca Massimi di Termoli . Sacchi \u00e8 al suo secondo anno in B dove la scorsa stagione ha diretto il Latina in occasione del successo interno sul Crotone (1-0) e del pareggio di Cittadella (1-1)<\/p>\n<p style=\"text-align: justify;\">Sempre sabato esordio casalingo per la Primavera nerazzurra: i baby di Marco Ghirotto sabato pomeriggio (alle 15) scenderanno in campo sul sintetico della Samagor per riscattare la sconfitta di Crotone: l\u2019avversario sar\u00e0 il Pescara.<\/p>\n<div class=\"radio-posizionamento-telefono-in-articoli-dopo-il-contenuto-articolo radio-entity-placement\" id=\"radio-2557752721\"><div id=\"radio-1451989806\" style=\"width: 300px;height: 250px;\"><a href=\"https:\/\/www.icarspa.it\/auto\/usate\/latina\/\" aria-label=\"banner aprile icar new life &#8211; auto usate latina\"><img loading=\"lazy\" decoding=\"async\" src=\"https:\/\/www.radioluna.it\/news\/wp-content\/uploads\/2026\/02\/banner-aprile-icar-new-life-auto-usate-latina.gif\" alt=\"\"  width=\"300\" height=\"250\"   \/><\/a><\/div><\/div>","protected":false},"excerpt":{"rendered":"<p>LATINA &#8211; La Corte Sportiva d\u2019Appello Nazionale (I sezione) ha parzialmente accolto il ricorso del Latina Calcio e ridotto da tre a due giornate la squalifica del calciatore Marco Calderoni. L\u2019esterno nerazzurro torner\u00e0 a disposizione per il match contro l\u2019Ascoli in programma marted\u00ec 22 settembre. Non sar\u00e0 invece disponibile per la gara di sabato contro [&hellip;]<\/p>\n","protected":false},"author":62,"featured_media":168751,"comment_status":"open","ping_status":"closed","sticky":false,"template":"","format":"standard","meta":{"footnotes":""},"categories":[17],"tags":[],"class_list":["post-168750","post","type-post","status-publish","format-standard","has-post-thumbnail","hentry","category-sport"],"_links":{"self":[{"href":"https:\/\/www.radioluna.it\/news\/wp-json\/wp\/v2\/posts\/168750","targetHints":{"allow":["GET"]}}],"collection":[{"href":"https:\/\/www.radioluna.it\/news\/wp-json\/wp\/v2\/posts"}],"about":[{"href":"https:\/\/www.radioluna.it\/news\/wp-json\/wp\/v2\/types\/post"}],"author":[{"embeddable":true,"href":"https:\/\/www.radioluna.it\/news\/wp-json\/wp\/v2\/users\/62"}],"replies":[{"embeddable":true,"href":"https:\/\/www.radioluna.it\/news\/wp-json\/wp\/v2\/comments?post=168750"}],"version-history":[{"count":0,"href":"https:\/\/www.radioluna.it\/news\/wp-json\/wp\/v2\/posts\/168750\/revisions"}],"wp:featuredmedia":[{"embeddable":true,"href":"https:\/\/www.radioluna.it\/news\/wp-json\/wp\/v2\/media\/168751"}],"wp:attachment":[{"href":"https:\/\/www.radioluna.it\/news\/wp-json\/wp\/v2\/media?parent=168750"}],"wp:term":[{"taxonomy":"category","embeddable":true,"href":"https:\/\/www.radioluna.it\/news\/wp-json\/wp\/v2\/categories?post=168750"},{"taxonomy":"post_tag","embeddable":true,"href":"https:\/\/www.radioluna.it\/news\/wp-json\/wp\/v2\/tags?post=168750"}],"curies":[{"name":"wp","href":"https:\/\/api.w.org\/{rel}","templated":true}]}}