{"id":168760,"date":"2015-09-18T10:27:46","date_gmt":"2015-09-18T08:27:46","guid":{"rendered":"http:\/\/www.radioluna.it\/news\/?p=168760"},"modified":"2015-09-18T10:28:11","modified_gmt":"2015-09-18T08:28:11","slug":"la-scuola-di-borgo-isonzo-rimessa-a-nuovo-da-genitori-e-nonni","status":"publish","type":"post","link":"https:\/\/www.radioluna.it\/news\/2015\/09\/la-scuola-di-borgo-isonzo-rimessa-a-nuovo-da-genitori-e-nonni\/","title":{"rendered":"La scuola di Borgo Isonzo rimessa a nuovo da genitori e nonni"},"content":{"rendered":"<div id=\"fb-root\"><\/div>\n<p style=\"text-align: justify;\"><strong><a href=\"http:\/\/www.radioluna.it\/news\/wp-content\/uploads\/2015\/09\/panoramica-aula.jpg\"><img loading=\"lazy\" decoding=\"async\" class=\"aligncenter size-thumbnail wp-image-168761\" src=\"http:\/\/www.radioluna.it\/news\/wp-content\/uploads\/2015\/09\/panoramica-aula-635x147.jpg\" alt=\"panoramica aula\" width=\"635\" height=\"147\" srcset=\"https:\/\/www.radioluna.it\/news\/wp-content\/uploads\/2015\/09\/panoramica-aula-635x147.jpg 635w, https:\/\/www.radioluna.it\/news\/wp-content\/uploads\/2015\/09\/panoramica-aula-768x178.jpg 768w, https:\/\/www.radioluna.it\/news\/wp-content\/uploads\/2015\/09\/panoramica-aula-500x116.jpg 500w, https:\/\/www.radioluna.it\/news\/wp-content\/uploads\/2015\/09\/panoramica-aula-300x70.jpg 300w, https:\/\/www.radioluna.it\/news\/wp-content\/uploads\/2015\/09\/panoramica-aula-1024x237.jpg 1024w, https:\/\/www.radioluna.it\/news\/wp-content\/uploads\/2015\/09\/panoramica-aula-800x186.jpg 800w, https:\/\/www.radioluna.it\/news\/wp-content\/uploads\/2015\/09\/panoramica-aula.jpg 1000w\" sizes=\"auto, (max-width: 635px) 100vw, 635px\" \/><\/a>LATINA<\/strong> &#8211; Una scuola, quella di Borgo Isonzo \u00e8 stata rimessa a nuovo da genitori e nonni che in estate hanno lavorato sodo per restituirla ai loro bambini in ottime condizioni.<\/p>\n<p style=\"text-align: justify;\">Non \u00e8 la prima volta che i genitori fanno fronte con i loro soldi e con il loro personale impegno alle mancanze (spesso gravi) delle strutture scolastiche. Ho quattro figli e ricordo di aver ricevuto richieste di soldi per tende da piazzare dove c&#8217;erano vetrate di alcuni metri esposte al sole e poi realizzate da nonni tappezzieri o sarte; per vernici quando le aule cadevano a pezzi; di pennelli e rulli, naturalmente, per rinfrescare i muri, con lavoro di pap\u00e0 pittori e tuttofare, ma anche dei ragazzi, come l&#8217;anno scorso al Classico dove gli studenti con l&#8217;aiuto di alcuni professori hanno anche ripulito le aule da decenni di sporco. Per non parlare della carta igienica e del sapone che ci lamentiamo di non trovare nel bagno di un bar, ma accettiamo che i nostri figli non trovino nella scuola in cui trascorrono un terzo della loro giornata. Poi ci sono le fotocopie. E dimentico senz&#8217;altro qualcosa. Senza considerare le attivit\u00e0 formative &#8220;extra&#8221; (teatro, cinema, gite) che la scuola pubblica anche obbligatoria offre, solo se i genitori pagano. E se non possono pagare?<\/p>\n<p style=\"text-align: justify;\">Stavolta genitori e nonni si sono superati per\u00f2, a quanto pare. A\u00a0Borgo Isonzo &#8211; racconta Gianluca Di Cocco, ex assessore al turismo del Comune di Latina &#8211; tutti insieme si sono rimboccati le maniche e, durante l&#8217;estate, hanno rimesso a nuovo il plesso scolastico per donare ai piccoli studenti un habitat confortevole al rientro. Grazie al consenso della dirigente scolastica e alla complicit\u00e0 di una nuova insegnante, i pi\u00f9 intraprendenti hanno ricevuto l&#8217;ok per effettuare un restyling della scuola con le poche risorse a disposizione e con tanta volont\u00e0&#8221;.<\/p>\n<p style=\"text-align: justify;\">Ad inizio anno la Collodi, della primaria Manzoni era pronta. \u00abAdesso \u2013 spiega mamma Simona \u2013 la scuola \u00e8 veramente stupenda. Diciamo che \u00e8 una scuola pubblica ai livelli di una privata. Nonostante il Comune non abbia mai provveduto alla manutenzione del giardino, \u00e8 stato sempre perfettamente pulito grazie alla manutenzione fatta sempre da noi genitori e dai nonni del centro sociale, soprattutto in primis dal presidente del centro sociale Antonio Beltrani sempre pronto sul suo trattorino. Insomma \u2013 conclude &#8211; questa scuola gode della fortuna di avere genitori e nonnetti del centro sociale che elevano esponenzialmente le potenzialit\u00e0 della struttura che, ahim\u00e8, nonostante sia ai limitrofi della citt\u00e0 \u00e8 poco conosciuta\u00bb.<\/p>\n","protected":false},"excerpt":{"rendered":"<p>LATINA &#8211; Una scuola, quella di Borgo Isonzo \u00e8 stata rimessa a nuovo da genitori e nonni che in estate hanno lavorato sodo per restituirla ai loro bambini in ottime condizioni. Non \u00e8 la prima volta che i genitori fanno fronte con i loro soldi e con il loro personale impegno alle mancanze (spesso gravi) [&hellip;]<\/p>\n","protected":false},"author":62,"featured_media":168761,"comment_status":"open","ping_status":"closed","sticky":false,"template":"","format":"standard","meta":{"footnotes":""},"categories":[248],"tags":[],"class_list":["post-168760","post","type-post","status-publish","format-standard","has-post-thumbnail","hentry","category-istruzione"],"_links":{"self":[{"href":"https:\/\/www.radioluna.it\/news\/wp-json\/wp\/v2\/posts\/168760","targetHints":{"allow":["GET"]}}],"collection":[{"href":"https:\/\/www.radioluna.it\/news\/wp-json\/wp\/v2\/posts"}],"about":[{"href":"https:\/\/www.radioluna.it\/news\/wp-json\/wp\/v2\/types\/post"}],"author":[{"embeddable":true,"href":"https:\/\/www.radioluna.it\/news\/wp-json\/wp\/v2\/users\/62"}],"replies":[{"embeddable":true,"href":"https:\/\/www.radioluna.it\/news\/wp-json\/wp\/v2\/comments?post=168760"}],"version-history":[{"count":0,"href":"https:\/\/www.radioluna.it\/news\/wp-json\/wp\/v2\/posts\/168760\/revisions"}],"wp:featuredmedia":[{"embeddable":true,"href":"https:\/\/www.radioluna.it\/news\/wp-json\/wp\/v2\/media\/168761"}],"wp:attachment":[{"href":"https:\/\/www.radioluna.it\/news\/wp-json\/wp\/v2\/media?parent=168760"}],"wp:term":[{"taxonomy":"category","embeddable":true,"href":"https:\/\/www.radioluna.it\/news\/wp-json\/wp\/v2\/categories?post=168760"},{"taxonomy":"post_tag","embeddable":true,"href":"https:\/\/www.radioluna.it\/news\/wp-json\/wp\/v2\/tags?post=168760"}],"curies":[{"name":"wp","href":"https:\/\/api.w.org\/{rel}","templated":true}]}}