{"id":168773,"date":"2015-09-18T14:12:47","date_gmt":"2015-09-18T12:12:47","guid":{"rendered":"http:\/\/www.radioluna.it\/news\/?p=168773"},"modified":"2015-09-18T14:12:47","modified_gmt":"2015-09-18T12:12:47","slug":"latina-ambiente-lavoratori-senza-stipendio-scioperi-in-vista","status":"publish","type":"post","link":"https:\/\/www.radioluna.it\/news\/2015\/09\/latina-ambiente-lavoratori-senza-stipendio-scioperi-in-vista\/","title":{"rendered":"Latina Ambiente, lavoratori senza stipendio, scioperi in vista"},"content":{"rendered":"<div id=\"fb-root\"><\/div>\n<div id=\"attachment_163408\" style=\"width: 645px\" class=\"wp-caption aligncenter\"><a href=\"http:\/\/www.radioluna.it\/news\/wp-content\/uploads\/2015\/04\/latina-ambiente-2.jpg\"><img loading=\"lazy\" decoding=\"async\" aria-describedby=\"caption-attachment-163408\" class=\"size-thumbnail wp-image-163408\" src=\"http:\/\/www.radioluna.it\/news\/wp-content\/uploads\/2015\/04\/latina-ambiente-2-635x357.jpg\" alt=\"I lavoratori della Latina Ambiente manifestano sotto il Comune\" width=\"635\" height=\"357\" srcset=\"https:\/\/www.radioluna.it\/news\/wp-content\/uploads\/2015\/04\/latina-ambiente-2-635x357.jpg 635w, https:\/\/www.radioluna.it\/news\/wp-content\/uploads\/2015\/04\/latina-ambiente-2-768x432.jpg 768w, https:\/\/www.radioluna.it\/news\/wp-content\/uploads\/2015\/04\/latina-ambiente-2-500x281.jpg 500w, https:\/\/www.radioluna.it\/news\/wp-content\/uploads\/2015\/04\/latina-ambiente-2-300x169.jpg 300w, https:\/\/www.radioluna.it\/news\/wp-content\/uploads\/2015\/04\/latina-ambiente-2-1024x576.jpg 1024w, https:\/\/www.radioluna.it\/news\/wp-content\/uploads\/2015\/04\/latina-ambiente-2-800x450.jpg 800w, https:\/\/www.radioluna.it\/news\/wp-content\/uploads\/2015\/04\/latina-ambiente-2.jpg 1000w\" sizes=\"auto, (max-width: 635px) 100vw, 635px\" \/><\/a><p id=\"caption-attachment-163408\" class=\"wp-caption-text\">I lavoratori della Latina Ambiente manifestano sotto il Comune<\/p><\/div>\n<p style=\"text-align: justify;\"><strong>LATINA<\/strong><em> &#8211; <\/em>Alla Latina Ambiente parte la procedura di raffreddamento. E&#8217; quanto deciso dai lavoratori della societ\u00e0 che gestisce il servizio di raccolta dei rifiuti, che si sono riuniti oggi in assemblea sindacale per fare il punto della situazione. Con il peso del mancato pagamento dell&#8217;ultima mensilit\u00e0 ai 300 lavoratori, tutti guardano con molta apprensione all&#8217;assemblea dei soci del prossimo 23 settembre: &#8220;Se non ci sar\u00e0 la ricapitalizzazione necessaria a ripianare i debiti, e non sar\u00e0 eletto il nuovo Consiglio di Amministrazione, per la Latina Ambiente si aprir\u00e0 uno scenario oscuro e pericoloso&#8221;, \u00a0sottolinea in una nota Roberto Cecere della Cisl.\u00a0Deciso anche un pacchetto di 16 ore di sciopero da effettuare dopo la procedura di raffreddamento.<\/p>\n<p style=\"text-align: justify;\">&#8220;Chiediamo il pagamento delle spettanze arretrate, non possiamo assolutamente accettare che, per una situazione societaria cos\u00ec complicata, siano sempre i lavoratori pagare. Queste persone, tra l&#8217;altro, hanno dimostrato in questa vicenda estrema seriet\u00e0 e correttezza, lavorando spesso in situazioni piuttosto complicate&#8221; sono le parole di Tiziano Filosi. per Cecere \u00e8 necessario\u00a0istituire &#8220;un tavolo permanente che serva a monitorare costantemente la situazione&#8221;. &#8220;Siamo pronti ad una trattativa a tutto campo che individui soluzioni per questi lavoratori e per quelli che, da anni, sono occupati attraverso agenzie interinali. Ci auguriamo che S.E. il Prefetto di Latina dott. Faloni dia seguito alla procedura di raffreddamento convocando le parti in causa&#8221;.<br \/>\nI sindacalisti della Cisl screditano l&#8217;iniziativa della Fisal: &#8220;La procedura presentata dal sindacato autonomo \u00e8 giuridicamente nulla, in quanto questa organizzazione non \u00e8 firmataria di contratto e non \u00e8 presente nella RSU&#8221;.<\/p>\n","protected":false},"excerpt":{"rendered":"<p>LATINA &#8211; Alla Latina Ambiente parte la procedura di raffreddamento. E&#8217; quanto deciso dai lavoratori della societ\u00e0 che gestisce il servizio di raccolta dei rifiuti, che si sono riuniti oggi in assemblea sindacale per fare il punto della situazione. Con il peso del mancato pagamento dell&#8217;ultima mensilit\u00e0 ai 300 lavoratori, tutti guardano con molta apprensione [&hellip;]<\/p>\n","protected":false},"author":62,"featured_media":163408,"comment_status":"open","ping_status":"closed","sticky":false,"template":"","format":"standard","meta":{"footnotes":""},"categories":[11],"tags":[],"class_list":["post-168773","post","type-post","status-publish","format-standard","has-post-thumbnail","hentry","category-economia"],"_links":{"self":[{"href":"https:\/\/www.radioluna.it\/news\/wp-json\/wp\/v2\/posts\/168773","targetHints":{"allow":["GET"]}}],"collection":[{"href":"https:\/\/www.radioluna.it\/news\/wp-json\/wp\/v2\/posts"}],"about":[{"href":"https:\/\/www.radioluna.it\/news\/wp-json\/wp\/v2\/types\/post"}],"author":[{"embeddable":true,"href":"https:\/\/www.radioluna.it\/news\/wp-json\/wp\/v2\/users\/62"}],"replies":[{"embeddable":true,"href":"https:\/\/www.radioluna.it\/news\/wp-json\/wp\/v2\/comments?post=168773"}],"version-history":[{"count":0,"href":"https:\/\/www.radioluna.it\/news\/wp-json\/wp\/v2\/posts\/168773\/revisions"}],"wp:featuredmedia":[{"embeddable":true,"href":"https:\/\/www.radioluna.it\/news\/wp-json\/wp\/v2\/media\/163408"}],"wp:attachment":[{"href":"https:\/\/www.radioluna.it\/news\/wp-json\/wp\/v2\/media?parent=168773"}],"wp:term":[{"taxonomy":"category","embeddable":true,"href":"https:\/\/www.radioluna.it\/news\/wp-json\/wp\/v2\/categories?post=168773"},{"taxonomy":"post_tag","embeddable":true,"href":"https:\/\/www.radioluna.it\/news\/wp-json\/wp\/v2\/tags?post=168773"}],"curies":[{"name":"wp","href":"https:\/\/api.w.org\/{rel}","templated":true}]}}