{"id":168774,"date":"2015-09-18T14:29:19","date_gmt":"2015-09-18T12:29:19","guid":{"rendered":"http:\/\/www.radioluna.it\/news\/?p=168774"},"modified":"2015-09-18T14:29:19","modified_gmt":"2015-09-18T12:29:19","slug":"boxe-latina-arriva-binario-battisti","status":"publish","type":"post","link":"https:\/\/www.radioluna.it\/news\/2015\/09\/boxe-latina-arriva-binario-battisti\/","title":{"rendered":"Boxe Latina, arriva \u201cBinario\u201d Battisti"},"content":{"rendered":"<div id=\"fb-root\"><\/div>\n<p style=\"text-align: justify;\"><strong><a href=\"http:\/\/www.radioluna.it\/news\/wp-content\/uploads\/2015\/09\/Battisti-match-di-rientro.jpg\"><img loading=\"lazy\" decoding=\"async\" class=\"aligncenter size-thumbnail wp-image-168775\" src=\"http:\/\/www.radioluna.it\/news\/wp-content\/uploads\/2015\/09\/Battisti-match-di-rientro-635x423.jpg\" alt=\"Battisti - match di rientro\" width=\"635\" height=\"423\" srcset=\"https:\/\/www.radioluna.it\/news\/wp-content\/uploads\/2015\/09\/Battisti-match-di-rientro-635x423.jpg 635w, https:\/\/www.radioluna.it\/news\/wp-content\/uploads\/2015\/09\/Battisti-match-di-rientro-768x511.jpg 768w, https:\/\/www.radioluna.it\/news\/wp-content\/uploads\/2015\/09\/Battisti-match-di-rientro-500x333.jpg 500w, https:\/\/www.radioluna.it\/news\/wp-content\/uploads\/2015\/09\/Battisti-match-di-rientro-600x400.jpg 600w, https:\/\/www.radioluna.it\/news\/wp-content\/uploads\/2015\/09\/Battisti-match-di-rientro-300x200.jpg 300w, https:\/\/www.radioluna.it\/news\/wp-content\/uploads\/2015\/09\/Battisti-match-di-rientro-1024x682.jpg 1024w, https:\/\/www.radioluna.it\/news\/wp-content\/uploads\/2015\/09\/Battisti-match-di-rientro-800x533.jpg 800w, https:\/\/www.radioluna.it\/news\/wp-content\/uploads\/2015\/09\/Battisti-match-di-rientro.jpg 1000w\" sizes=\"auto, (max-width: 635px) 100vw, 635px\" \/><\/a>LATINA<\/strong> &#8211;\u00a0Riccardo \u201cBinario\u201d Battisti approda alla Boxe Latina. Il peso superleggero e la storica societ\u00e0 di via Aspromonte insieme lungo la strada che porter\u00e0 a breve l\u2019atleta ad esordire tra i professionisti, aspirando al titolo italiano di categoria. Riccardo Battisti, 27 anni compiuti il 2 agosto, \u00e8 nato a Sezze nel 1988, da pap\u00e0 Gabriele e mamma Mirella. Tre figli maschi, Fabrizio, Stefano e Riccardo, l\u2019unico a praticare la boxe. Per\u00a0Francesco Prezioso presidente Asd Boxe Latina \u201cL\u2019arrivo di Battisti rappresenta un ulteriore momento di crescita per la Boxe Latina, che si avvale di un atleta alle soglie del professionismo, obiettivo sul quale la societ\u00e0 sta lavorando nel tempo. Ed il lavoro paga. Con il maestro Fabrizio Petroni, Riccardo pu\u00f2 aspirare a tanto\u201d.<br \/>\nIl pugile \u00a0ringrazia: \u201cEssere arrivato alla Boxe Latina \u00a0&#8211; spiega Binario &#8211; ha per me una doppia importanza. La prima \u00e8 poter contare su una valida societ\u00e0, che mi d\u00e0 solide garanzie per il futuro della carriera: la seconda \u00e8 aver ritrovato nello staff il maestro storico Antonio Dubla, che mi ha insegnato le regole della boxe. E\u2019 uno sport che sento dentro, non avrei potuto smettere a 23 anni, quando i medici me lo hanno vivamente consigliato. Eppure in quel momento mi sentivo pronto a scalare una montagna, a combattere sia sul ring che fuori dal ring. Ed ora che mi sono liberato dei tanti bastoni tra le ruote, ho solo l\u2019obiettivo di combattere da professionista e tentare di conquistare la cintura tricolore. Debbo cogliere l\u2019opportunit\u00e0 che mi \u00e8 stata concessa e soprattutto non vivere di rimpianti\u201d.<\/p>\n<p style=\"text-align: justify;\">CHI E&#8217; &#8211; Le prime passioni sono il calcio, il nuoto e le arti marziali, fino a che a 18 anni, l\u2019amico di sempre Patrizio Saralli non gli trasmette la passione per il pugilato. I primi allenamenti presso l\u2019Asd Dubla Boxe a Latina, dove il maestro Antonio Dubla ne cura la crescita e la formazione. Guardia normale, nel 2011 \u00e8 pronto ad esordire nei professionisti, ma gli viene riscontrato un problema neurologico, che secondo diversi luminari, significa abbandonare la boxe. Il professor Mario Irineo Sturla (soprannominato \u201cDottor Boxe\u201d) restituisce 3 anni dopo a Battisti la gioia di poter tornare a combattere. Per \u201cBinario\u201d, che nel frattempo ha ripreso ad allenarsi alla Boxe Group con il maestro Vincenzo De Monaco, la data del 21 dicembre 2014, rimarr\u00e0 storica: \u00e8 un match di rientro, nella riunione organizzata dalla Asd Boxe Latina, presso il Palaboxe \u201cCitt\u00e0 di Latina\u201d. Un segno del destino. Da dilettante Battisti ha combattuto 46 match a partire dal febbraio del 2008. Oggi il suo peso forma \u00e8 di 64 kg.<\/p>\n<p style=\"text-align: justify;\">\u201cSi vedeva da subito che Riccardo fosse un fighter, mai un passo indietro, anche contro avversari che in allenamento pesavano pi\u00f9 di lui. Immaginavo che la determinazione lo avrebbe portato avanti nella boxe. Adesso mi aspetto la definitiva consacrazione nei professionisti\u201d \u00e8 il commento di Antonio Dubla .<\/p>\n<p style=\"text-align: justify;\">L\u2019ATTESA<br \/>\nRiccardo Battisti si allena costantemente ogni giorno al Palaboxe per le sedute interne, intervallate dai \u201cfuori porta\u201d nell\u2019hinterland romano. Guanti a confronto con le scuole romane, condotto dal maestro Fabrizio Petroni, che ne cura la preparazione al prossimo debutto nei prof, coordinando lo staff completato dai maestri Rocco Prezioso ed Antonio Dubla. A Sezze tutti aspettano Riccardo Battisti, residente in via Melograno, all\u2019ombra della Semprevisa. Si fa ben volere in paese. \u201cBinario\u201d, soprannome ereditato dal padre Gabriele, che Riccardo ha personalizzato scherzando: \u201cSe l\u2019avversario pensa di trovare un treno davanti, questo \u00e8 il binario giusto\u201d. Battisti \u00e8 la boxe a Sezze, dove non c\u2019\u00e8 tradizione pugilistica.<\/p>\n<div class=\"radio-posizionamento-telefono-in-articoli-dopo-il-contenuto-articolo radio-entity-placement\" id=\"radio-2312491757\"><div id=\"radio-2407900131\"><a href=\"https:\/\/grupporedi.it\/\" aria-label=\"Redi-Qr\"><img loading=\"lazy\" decoding=\"async\" src=\"https:\/\/www.radioluna.it\/news\/wp-content\/uploads\/2026\/03\/Redi-Qr.jpg\" alt=\"\"  srcset=\"https:\/\/www.radioluna.it\/news\/wp-content\/uploads\/2026\/03\/Redi-Qr.jpg 800w, https:\/\/www.radioluna.it\/news\/wp-content\/uploads\/2026\/03\/Redi-Qr-768x639.jpg 768w\" sizes=\"(max-width: 800px) 100vw, 800px\" width=\"300\" height=\"250\"   \/><\/a><\/div><\/div>","protected":false},"excerpt":{"rendered":"<p>LATINA &#8211;\u00a0Riccardo \u201cBinario\u201d Battisti approda alla Boxe Latina. Il peso superleggero e la storica societ\u00e0 di via Aspromonte insieme lungo la strada che porter\u00e0 a breve l\u2019atleta ad esordire tra i professionisti, aspirando al titolo italiano di categoria. Riccardo Battisti, 27 anni compiuti il 2 agosto, \u00e8 nato a Sezze nel 1988, da pap\u00e0 Gabriele [&hellip;]<\/p>\n","protected":false},"author":62,"featured_media":168775,"comment_status":"open","ping_status":"closed","sticky":false,"template":"","format":"standard","meta":{"footnotes":""},"categories":[17],"tags":[],"class_list":["post-168774","post","type-post","status-publish","format-standard","has-post-thumbnail","hentry","category-sport"],"_links":{"self":[{"href":"https:\/\/www.radioluna.it\/news\/wp-json\/wp\/v2\/posts\/168774","targetHints":{"allow":["GET"]}}],"collection":[{"href":"https:\/\/www.radioluna.it\/news\/wp-json\/wp\/v2\/posts"}],"about":[{"href":"https:\/\/www.radioluna.it\/news\/wp-json\/wp\/v2\/types\/post"}],"author":[{"embeddable":true,"href":"https:\/\/www.radioluna.it\/news\/wp-json\/wp\/v2\/users\/62"}],"replies":[{"embeddable":true,"href":"https:\/\/www.radioluna.it\/news\/wp-json\/wp\/v2\/comments?post=168774"}],"version-history":[{"count":0,"href":"https:\/\/www.radioluna.it\/news\/wp-json\/wp\/v2\/posts\/168774\/revisions"}],"wp:featuredmedia":[{"embeddable":true,"href":"https:\/\/www.radioluna.it\/news\/wp-json\/wp\/v2\/media\/168775"}],"wp:attachment":[{"href":"https:\/\/www.radioluna.it\/news\/wp-json\/wp\/v2\/media?parent=168774"}],"wp:term":[{"taxonomy":"category","embeddable":true,"href":"https:\/\/www.radioluna.it\/news\/wp-json\/wp\/v2\/categories?post=168774"},{"taxonomy":"post_tag","embeddable":true,"href":"https:\/\/www.radioluna.it\/news\/wp-json\/wp\/v2\/tags?post=168774"}],"curies":[{"name":"wp","href":"https:\/\/api.w.org\/{rel}","templated":true}]}}