{"id":168779,"date":"2015-09-18T15:10:46","date_gmt":"2015-09-18T13:10:46","guid":{"rendered":"http:\/\/www.radioluna.it\/news\/?p=168779"},"modified":"2015-09-18T17:49:44","modified_gmt":"2015-09-18T15:49:44","slug":"voci-pontine-a-ti-lascio-una-canzone-domani-debutto-per-coppi-e-iue","status":"publish","type":"post","link":"https:\/\/www.radioluna.it\/news\/2015\/09\/voci-pontine-a-ti-lascio-una-canzone-domani-debutto-per-coppi-e-iue\/","title":{"rendered":"Voci pontine a Ti lascio una Canzone: domani debutto per Coppi e Iu\u00e8"},"content":{"rendered":"<div id=\"fb-root\"><\/div>\n<div id=\"attachment_168780\" style=\"width: 645px\" class=\"wp-caption aligncenter\"><a href=\"http:\/\/www.radioluna.it\/news\/wp-content\/uploads\/2015\/09\/Coppi-Velletri-Iu\u00e8.jpg\"><img loading=\"lazy\" decoding=\"async\" aria-describedby=\"caption-attachment-168780\" class=\"size-thumbnail wp-image-168780\" src=\"http:\/\/www.radioluna.it\/news\/wp-content\/uploads\/2015\/09\/Coppi-Velletri-Iu\u00e8-635x357.jpg\" alt=\"Coppi-Velletri-Iu\u00e8\" width=\"635\" height=\"357\" srcset=\"https:\/\/www.radioluna.it\/news\/wp-content\/uploads\/2015\/09\/Coppi-Velletri-Iu\u00e8-635x357.jpg 635w, https:\/\/www.radioluna.it\/news\/wp-content\/uploads\/2015\/09\/Coppi-Velletri-Iu\u00e8-768x432.jpg 768w, https:\/\/www.radioluna.it\/news\/wp-content\/uploads\/2015\/09\/Coppi-Velletri-Iu\u00e8-500x281.jpg 500w, https:\/\/www.radioluna.it\/news\/wp-content\/uploads\/2015\/09\/Coppi-Velletri-Iu\u00e8-300x169.jpg 300w, https:\/\/www.radioluna.it\/news\/wp-content\/uploads\/2015\/09\/Coppi-Velletri-Iu\u00e8-1024x576.jpg 1024w, https:\/\/www.radioluna.it\/news\/wp-content\/uploads\/2015\/09\/Coppi-Velletri-Iu\u00e8-800x450.jpg 800w, https:\/\/www.radioluna.it\/news\/wp-content\/uploads\/2015\/09\/Coppi-Velletri-Iu\u00e8.jpg 1000w\" sizes=\"auto, (max-width: 635px) 100vw, 635px\" \/><\/a><p id=\"caption-attachment-168780\" class=\"wp-caption-text\">Coppi-Velletri-Iu\u00e8<\/p><\/div>\n<p style=\"text-align: justify;\">LATINA &#8211; Domani sera (sabato 19 settembre) alle 21.10 su Rai 1, nel talent di Antonella Clerici \u201cTi lascio una canzone\u201d, canteranno due giovanissimi \u00a0di Latina: Simone Coppi, 15 anni, e Simone Iu\u00e8 di 11, cresciuti all\u2019Anfiteatro Spettacolo di Danilo De Paola e Valeria Vallone, \u00a0sotto l&#8217;ala del maestro e direttore artistico (vocal coach del programma) Luca Velletri, noto per essere stato protagonista in musical di successo come Jesus Christ Superstar, Evita, Notre Dame De Paris (nelle vesti di Frollo) e voce italiana per la Disney.<br \/>\n\u201cIl fatto che io lavori con le produzioni televisive non \u00e8 un\u2019automatica corsia preferenziale per entrarvi \u2013 sottolinea Luca Velletri \u2013 , noi come Anfiteatro\u00a0lavoriamo con competenza per preparare al meglio gli allievi da presentare ai casting, e giungono alle selezioni solo coloro che riteniamo essere pronti:\u00a0non vogliamo fare brutte figure, n\u00e9 noi n\u00e9 i ragazzi, e soprattutto\u00a0non alimentiamo false speranze. Certo, avere tanti ragazzi che ce la fanno ci d\u00e0 tanta soddisfazione perch\u00e9 conferma che il nostro \u00e8 un lavoro mirato ed efficace, che produce i risultati attesi&#8221;.<\/p>\n<p style=\"text-align: justify;\">GLI ALTRI \u00a0&#8211; Con \u00a0L&#8217;Anfiteatro hanno studiato Esteban Morales di Amici e \u00a0Emiliano Valverde concorrente per \u00a0 The Voice, il Coro de L&#8217;Anfiteatro \u00e8 stato presente a due puntate di Senza Parole sempre su Raiuno lo scorso maggio, mentre il Coro dei piccoli de L&#8217; Anfiteatro \u00a0a \u201cC&#8217; \u00e8 Posta per te\u201d su Canale 5. Nella danza, invece, Valeria Vallone con le sue allieve juniores si \u00e8 aggiudicata il Primo Posto al concorso internazionale di Danza Citt\u00e0 di Rieti.<\/p>\n<p style=\"text-align: justify;\">L\u2019Anfiteatro, che ha riaperto adesso i corsi per la stagione 2015-16, dopo il successo di\u00a0\u201cQueen\u201d e \u201cIl ballo dei vampiri\u201d, prepara intanto il suo nuovo musical che sar\u00e0 in scena all&#8217;inizio dell&#8217;estate.<\/p>\n","protected":false},"excerpt":{"rendered":"<p>LATINA &#8211; Domani sera (sabato 19 settembre) alle 21.10 su Rai 1, nel talent di Antonella Clerici \u201cTi lascio una canzone\u201d, canteranno due giovanissimi \u00a0di Latina: Simone Coppi, 15 anni, e Simone Iu\u00e8 di 11, cresciuti all\u2019Anfiteatro Spettacolo di Danilo De Paola e Valeria Vallone, \u00a0sotto l&#8217;ala del maestro e direttore artistico (vocal coach del [&hellip;]<\/p>\n","protected":false},"author":62,"featured_media":168780,"comment_status":"open","ping_status":"closed","sticky":false,"template":"","format":"standard","meta":{"footnotes":""},"categories":[735],"tags":[],"class_list":["post-168779","post","type-post","status-publish","format-standard","has-post-thumbnail","hentry","category-attualita"],"_links":{"self":[{"href":"https:\/\/www.radioluna.it\/news\/wp-json\/wp\/v2\/posts\/168779","targetHints":{"allow":["GET"]}}],"collection":[{"href":"https:\/\/www.radioluna.it\/news\/wp-json\/wp\/v2\/posts"}],"about":[{"href":"https:\/\/www.radioluna.it\/news\/wp-json\/wp\/v2\/types\/post"}],"author":[{"embeddable":true,"href":"https:\/\/www.radioluna.it\/news\/wp-json\/wp\/v2\/users\/62"}],"replies":[{"embeddable":true,"href":"https:\/\/www.radioluna.it\/news\/wp-json\/wp\/v2\/comments?post=168779"}],"version-history":[{"count":0,"href":"https:\/\/www.radioluna.it\/news\/wp-json\/wp\/v2\/posts\/168779\/revisions"}],"wp:featuredmedia":[{"embeddable":true,"href":"https:\/\/www.radioluna.it\/news\/wp-json\/wp\/v2\/media\/168780"}],"wp:attachment":[{"href":"https:\/\/www.radioluna.it\/news\/wp-json\/wp\/v2\/media?parent=168779"}],"wp:term":[{"taxonomy":"category","embeddable":true,"href":"https:\/\/www.radioluna.it\/news\/wp-json\/wp\/v2\/categories?post=168779"},{"taxonomy":"post_tag","embeddable":true,"href":"https:\/\/www.radioluna.it\/news\/wp-json\/wp\/v2\/tags?post=168779"}],"curies":[{"name":"wp","href":"https:\/\/api.w.org\/{rel}","templated":true}]}}