{"id":168782,"date":"2015-09-18T18:18:54","date_gmt":"2015-09-18T16:18:54","guid":{"rendered":"http:\/\/www.radioluna.it\/news\/?p=168782"},"modified":"2015-09-18T18:25:51","modified_gmt":"2015-09-18T16:25:51","slug":"abnegazione-ritmo-e-intelligenza-la-formula-di-iuliano","status":"publish","type":"post","link":"https:\/\/www.radioluna.it\/news\/2015\/09\/abnegazione-ritmo-e-intelligenza-la-formula-di-iuliano\/","title":{"rendered":"Abnegazione, ritmo e intelligenza: la formula di Iuliano"},"content":{"rendered":"<div id=\"fb-root\"><\/div>\n<p><strong><a href=\"http:\/\/www.radioluna.it\/news\/wp-content\/uploads\/2015\/09\/IULIANO-PRO-VERCELLI-2.jpg\"><img loading=\"lazy\" decoding=\"async\" class=\"aligncenter size-thumbnail wp-image-168783\" src=\"http:\/\/www.radioluna.it\/news\/wp-content\/uploads\/2015\/09\/IULIANO-PRO-VERCELLI-2-635x422.jpg\" alt=\"IULIANO PRO VERCELLI 2\" width=\"635\" height=\"422\" srcset=\"https:\/\/www.radioluna.it\/news\/wp-content\/uploads\/2015\/09\/IULIANO-PRO-VERCELLI-2-635x422.jpg 635w, https:\/\/www.radioluna.it\/news\/wp-content\/uploads\/2015\/09\/IULIANO-PRO-VERCELLI-2-768x511.jpg 768w, https:\/\/www.radioluna.it\/news\/wp-content\/uploads\/2015\/09\/IULIANO-PRO-VERCELLI-2-500x333.jpg 500w, https:\/\/www.radioluna.it\/news\/wp-content\/uploads\/2015\/09\/IULIANO-PRO-VERCELLI-2-600x400.jpg 600w, https:\/\/www.radioluna.it\/news\/wp-content\/uploads\/2015\/09\/IULIANO-PRO-VERCELLI-2-300x200.jpg 300w, https:\/\/www.radioluna.it\/news\/wp-content\/uploads\/2015\/09\/IULIANO-PRO-VERCELLI-2.jpg 800w\" sizes=\"auto, (max-width: 635px) 100vw, 635px\" \/><\/a><\/strong><\/p>\n<p><strong>LATINA<\/strong> &#8211; Alla vigilia della gara contro la Pro Vercelli (domani alle 15 allo stadio Piola) \u00a0il tecnico nerazzurro ha tenuto una conferenza stampa, &#8220;dopo Trapani andiamo avanti molto pi\u00f9 convinti del nostro lavoro &#8211; ha spiegato Iuliano &#8211; ma ci vuole il risultato pieno perch\u00e9 aiuta a motivare i giocatori. Andiamo dritti come un treno in tutte le situazioni, non ci fermiamo su quello che \u00e8 stato, dobbiamo migliorare dove siamo stati carenti&#8221;.<\/p>\n<p>&#8220;Ci attende una sfida tosta contro una buona squadra, collaudata e che fa di necessit\u00e0 virt\u00f9 \u2013 ha dichiarato poi \u00a0il tecnico nerazzurro \u2013 La Pro Vercelli \u00e8 compatta, ha buoni giocatori e il resto della squadra lavora in funzione di questi. E\u2019 ben allenata, un punto di forza sono i calci piazzati, battitore e molti giocatori sono l\u00ec da un po\u2019 di tempo. Noi dal canto nostro \u2013 ha aggiunto Iuliano \u2013 Stiamo bene, si lavora tutti i giorni, siamo a buon punto. Voglio specializzare i giocatori, arrivando la condizione atletica migliore sono pi\u00f9 sciolti e quadrati. \u00a0Nel complesso la Pro Vercelli sar\u00e0 alla nostra portata se l\u2019affronteremo con le armi che abbiamo: abnegazione, ritmo e intelligenza\u201d.<\/p>\n","protected":false},"excerpt":{"rendered":"<p>LATINA &#8211; Alla vigilia della gara contro la Pro Vercelli (domani alle 15 allo stadio Piola) \u00a0il tecnico nerazzurro ha tenuto una conferenza stampa, &#8220;dopo Trapani andiamo avanti molto pi\u00f9 convinti del nostro lavoro &#8211; ha spiegato Iuliano &#8211; ma ci vuole il risultato pieno perch\u00e9 aiuta a motivare i giocatori. Andiamo dritti come un [&hellip;]<\/p>\n","protected":false},"author":60,"featured_media":168784,"comment_status":"open","ping_status":"closed","sticky":false,"template":"","format":"standard","meta":{"footnotes":""},"categories":[17],"tags":[],"class_list":["post-168782","post","type-post","status-publish","format-standard","has-post-thumbnail","hentry","category-sport"],"_links":{"self":[{"href":"https:\/\/www.radioluna.it\/news\/wp-json\/wp\/v2\/posts\/168782","targetHints":{"allow":["GET"]}}],"collection":[{"href":"https:\/\/www.radioluna.it\/news\/wp-json\/wp\/v2\/posts"}],"about":[{"href":"https:\/\/www.radioluna.it\/news\/wp-json\/wp\/v2\/types\/post"}],"author":[{"embeddable":true,"href":"https:\/\/www.radioluna.it\/news\/wp-json\/wp\/v2\/users\/60"}],"replies":[{"embeddable":true,"href":"https:\/\/www.radioluna.it\/news\/wp-json\/wp\/v2\/comments?post=168782"}],"version-history":[{"count":0,"href":"https:\/\/www.radioluna.it\/news\/wp-json\/wp\/v2\/posts\/168782\/revisions"}],"wp:featuredmedia":[{"embeddable":true,"href":"https:\/\/www.radioluna.it\/news\/wp-json\/wp\/v2\/media\/168784"}],"wp:attachment":[{"href":"https:\/\/www.radioluna.it\/news\/wp-json\/wp\/v2\/media?parent=168782"}],"wp:term":[{"taxonomy":"category","embeddable":true,"href":"https:\/\/www.radioluna.it\/news\/wp-json\/wp\/v2\/categories?post=168782"},{"taxonomy":"post_tag","embeddable":true,"href":"https:\/\/www.radioluna.it\/news\/wp-json\/wp\/v2\/tags?post=168782"}],"curies":[{"name":"wp","href":"https:\/\/api.w.org\/{rel}","templated":true}]}}