{"id":168872,"date":"2015-09-22T13:38:23","date_gmt":"2015-09-22T11:38:23","guid":{"rendered":"http:\/\/www.radioluna.it\/news\/?p=168872"},"modified":"2015-09-22T13:38:23","modified_gmt":"2015-09-22T11:38:23","slug":"diminuiscono-i-servizi-per-la-terza-eta-mentre-aumenta-il-numero-degli-anziani","status":"publish","type":"post","link":"https:\/\/www.radioluna.it\/news\/2015\/09\/diminuiscono-i-servizi-per-la-terza-eta-mentre-aumenta-il-numero-degli-anziani\/","title":{"rendered":"Diminuiscono i servizi per la terza et\u00e0 mentre aumenta il numero degli anziani"},"content":{"rendered":"<div id=\"fb-root\"><\/div>\n<p style=\"text-align: justify;\"><strong><a href=\"http:\/\/www.radioluna.it\/news\/wp-content\/uploads\/2014\/05\/anziani-7628.jpg\"><img loading=\"lazy\" decoding=\"async\" class=\"aligncenter size-thumbnail wp-image-150296\" src=\"http:\/\/www.radioluna.it\/news\/wp-content\/uploads\/2014\/05\/anziani-7628-635x387.jpg\" alt=\"anziani-7628\" width=\"635\" height=\"387\" srcset=\"https:\/\/www.radioluna.it\/news\/wp-content\/uploads\/2014\/05\/anziani-7628-635x387.jpg 635w, https:\/\/www.radioluna.it\/news\/wp-content\/uploads\/2014\/05\/anziani-7628-768x469.jpg 768w, https:\/\/www.radioluna.it\/news\/wp-content\/uploads\/2014\/05\/anziani-7628-1024x625.jpg 1024w, https:\/\/www.radioluna.it\/news\/wp-content\/uploads\/2014\/05\/anziani-7628-500x305.jpg 500w, https:\/\/www.radioluna.it\/news\/wp-content\/uploads\/2014\/05\/anziani-7628-300x183.jpg 300w, https:\/\/www.radioluna.it\/news\/wp-content\/uploads\/2014\/05\/anziani-7628-800x488.jpg 800w, https:\/\/www.radioluna.it\/news\/wp-content\/uploads\/2014\/05\/anziani-7628.jpg 1121w\" sizes=\"auto, (max-width: 635px) 100vw, 635px\" \/><\/a>LATINA<\/strong> &#8211;\u00a0\u00a0Diminuiscono i servizi per la terza et\u00e0 mentre aumenta il numero degli anziani. Lo dice la\u00a0Cisl di Latina esprimendo preoccupazione: &#8220;La conseguenza \u00e8 l\u2019incremento delle disuguaglianze. I Comuni sottoscrivano convenzioni con l\u2019Agenzia delle Entrate per scovare chi non paga le tasse e trovare le risorse che servono &#8211; \u00a0\u00e8 l&#8217;invito di\u00a0Tommaso Ausili ( Reggente CISL Latina) &#8211;\u00a0Questo stato di cose non \u00e8 pi\u00f9 sostenibile &#8211; dice Ausili &#8211; i Comuni non possono solo lamentarsi perch\u00e9 c\u2019\u00e8 una riduzione delle risorse finanziarie, \u00a0devono avere il coraggio di scovare chi non paga le tasse. E\u2019 l\u2019unico modo per fare entrare le risorse e assicurare i livelli minimi di welfare. In alternativa la riduzione del welfare finisce per alimentare la rabbia delle persone in maggiori difficolt\u00e0. &#8220;<\/p>\n<p style=\"text-align: justify;\">I DATI &#8211; I dati pi\u00f9 recenti confermano il trend degli ultimi anni : aumentano gli anziani in provincia di Latina, mentre diminuisce il livello dei servizi. Tra il 2008 e il 2014 il numero degli ultrasessantacinquenni \u00e8 cresciuto di 20 mila unit\u00e0 e la percentuale \u00e8 passata dal 17,3 % al 19,7%. Nello stesso periodo il numero dei giovani tra i 25 e i 34 anni \u00e8 diminuito di 9 mila unit\u00e0, nonostante la popolazione complessiva sia aumentata di 35 mila unit\u00e0. Per ogni 100 giovani in et\u00e0 da 0 a 15 anni vi sono 151 anziani con oltre 65 anni.<br \/>\nGLI IMMIGRATI LINFA VITALE &#8211; Per Lino De Luca, Segretario della Federazione dei Pensionati di Latina, quest\u2019ultima misura rappresenta il \u201cdebito demografico\u201d per le generazioni future. &#8220;Un debito che rischia di avere conseguenze nefaste sulla previdenza, la spesa sanitaria e l&#8217; assistenza. Aspetto che dovrebbe convincere tutti a rivedere certi stereotipi riguardo l&#8217;immigrazione. La verit\u00e0 \u00e8 che abbiamo un disperato bisogno di forze giovani per garantire la continuit\u00e0 del sistema produttivo e previdenziale. Con tassi di natalit\u00e0 cos\u00ec bassi solo l&#8217;immigrazione pu\u00f2 salvarci dal crack previdenziale&#8221;.<br \/>\n&#8220;In questa situazione chiediamo alla Regione Lazio , agli enti locali, ai Comuni e ai servizi sociali , della provincia di Latina, di aprire un tavolo di concertazione sul welfare, aperto alla partecipazione del sindacato, delle forze sociali e imprenditoriali, del volontariato.&#8221; dice Giuseppe Di Prospero, segretario dei lavoratori della Funzione Pubblica Cisl.<br \/>\n&#8221; Un punto di coordinamento permanente &#8211; dice Di Prospero &#8211; in cui siano verificate le condizioni del sistema dei servizi e discussi gli indirizzi e le misure da attuare. Con una attenzione particolare ai servizi per gli anziani, alle politiche di sostegno per le famiglie, alle protezioni per le fasce pi\u00f9 deboli o emarginate della popolazione. Una possibilit\u00e0 di confronto anche per la gestione delle emergenze. Tra le quali , acutissima, quella della revisione dei parametri ISEE per i contributi alle rette degli anziani ricoverati in rsa. Il rischio \u00e8 che anziani non autosufficienti e malati siano espulsi dalle rsa e perdano il diritto alle cure che solo una struttura sanitaria come le rsa pu\u00f2 garantire&#8221;.<br \/>\nASSEMBLEA PROVINCIALE &#8211; Questa sono alcune delle proposte che saranno avanzate nel corso della assemblea provinciale convocata dalla Unione Sindacale CISL della provincia e che si svolger\u00e0 a Latina il 28 settembre prossimo. Le analisi e i documenti programmatici sono in corso di elaborazione a cura di una equipe coordinata da Pietro Ferrulli.<\/p>\n<div class=\"radio-posizionamento-telefono-in-articoli-dopo-il-contenuto-articolo radio-entity-placement\" id=\"radio-3314164481\"><div id=\"radio-3832506237\" style=\"width: 300px;height: 250px;\"><a href=\"https:\/\/www.icarspa.it\/auto\/usate\/latina\/\" aria-label=\"banner aprile icar new life &#8211; auto usate latina\"><img loading=\"lazy\" decoding=\"async\" src=\"https:\/\/www.radioluna.it\/news\/wp-content\/uploads\/2026\/02\/banner-aprile-icar-new-life-auto-usate-latina.gif\" alt=\"\"  width=\"300\" height=\"250\"   \/><\/a><\/div><\/div>","protected":false},"excerpt":{"rendered":"<p>LATINA &#8211;\u00a0\u00a0Diminuiscono i servizi per la terza et\u00e0 mentre aumenta il numero degli anziani. Lo dice la\u00a0Cisl di Latina esprimendo preoccupazione: &#8220;La conseguenza \u00e8 l\u2019incremento delle disuguaglianze. I Comuni sottoscrivano convenzioni con l\u2019Agenzia delle Entrate per scovare chi non paga le tasse e trovare le risorse che servono &#8211; \u00a0\u00e8 l&#8217;invito di\u00a0Tommaso Ausili ( Reggente [&hellip;]<\/p>\n","protected":false},"author":60,"featured_media":150296,"comment_status":"open","ping_status":"closed","sticky":false,"template":"","format":"standard","meta":{"footnotes":""},"categories":[11],"tags":[],"class_list":["post-168872","post","type-post","status-publish","format-standard","has-post-thumbnail","hentry","category-economia"],"_links":{"self":[{"href":"https:\/\/www.radioluna.it\/news\/wp-json\/wp\/v2\/posts\/168872","targetHints":{"allow":["GET"]}}],"collection":[{"href":"https:\/\/www.radioluna.it\/news\/wp-json\/wp\/v2\/posts"}],"about":[{"href":"https:\/\/www.radioluna.it\/news\/wp-json\/wp\/v2\/types\/post"}],"author":[{"embeddable":true,"href":"https:\/\/www.radioluna.it\/news\/wp-json\/wp\/v2\/users\/60"}],"replies":[{"embeddable":true,"href":"https:\/\/www.radioluna.it\/news\/wp-json\/wp\/v2\/comments?post=168872"}],"version-history":[{"count":0,"href":"https:\/\/www.radioluna.it\/news\/wp-json\/wp\/v2\/posts\/168872\/revisions"}],"wp:featuredmedia":[{"embeddable":true,"href":"https:\/\/www.radioluna.it\/news\/wp-json\/wp\/v2\/media\/150296"}],"wp:attachment":[{"href":"https:\/\/www.radioluna.it\/news\/wp-json\/wp\/v2\/media?parent=168872"}],"wp:term":[{"taxonomy":"category","embeddable":true,"href":"https:\/\/www.radioluna.it\/news\/wp-json\/wp\/v2\/categories?post=168872"},{"taxonomy":"post_tag","embeddable":true,"href":"https:\/\/www.radioluna.it\/news\/wp-json\/wp\/v2\/tags?post=168872"}],"curies":[{"name":"wp","href":"https:\/\/api.w.org\/{rel}","templated":true}]}}